{"id":339483,"date":"2025-08-23T23:24:12","date_gmt":"2025-08-23T23:24:12","guid":{"rendered":"https:\/\/www.europesays.com\/fr\/339483\/"},"modified":"2025-08-23T23:24:12","modified_gmt":"2025-08-23T23:24:12","slug":"c-dans-lair-linvite-en-replay-c-dans-lair-linvite-france-tv","status":"publish","type":"post","link":"https:\/\/www.europesays.com\/fr\/339483\/","title":{"rendered":"C dans l&#039;air l&#039;invit\u00e9 en replay &#8211; C dans l&#039;air l&#039;invit\u00e9 &#8211; France TV"},"content":{"rendered":"<ol>\n<li><a href=\"https:\/\/news.google.com\/rss\/articles\/CBMilAFBVV95cUxOUFJCMkRkNGlEdzBJaVRsZjR5TDVwWkRNRVM1U2NRYmVILTFGSTBOZ3VFcjFIWnlNT3d2U2JkZG9jeEFSYWJCY2NVT3Y3Q0RkQ2g4S1lZZXY0Vkl1dUx2VkxVWTBYd2FiVDUxSHBvOHVZOXdPU2wweHFOQVpKQzR1R3VBYzRrNFFlV29DYjJOamdGeW04?oc=5\" target=\"_blank\" rel=\"nofollow noopener\">C dans l&rsquo;air l&rsquo;invit\u00e9 en replay &#8211; C dans l&rsquo;air l&rsquo;invit\u00e9<\/a>&nbsp;&nbsp;France TV<\/li>\n<li><a href=\"https:\/\/news.google.com\/rss\/articles\/CBMi_gFBVV95cUxOVzdlU192TVk5bmJNN3hQbHUyaFFfZE4xTlJQUTRPSlY4b1pHQ2drelVzeEdaNGk4enMxUHQ3aFdranUyRjhMZHV3QmN6MkUyRWcyekloRUdiNGJiUVlpUkVjeVR3Z2FMV0JLUjJQR0xfa0xEVlo4eVgyWndPeVo1WFM3MVFhVGtMaElNRFRfUlAtZkdoMldfNmJPYTBCVWZHN1BndlByQW5mYlJrWWdMbGxRME9sS1MwUWdCYzJ0cmFoLUpPRXpZd2NuVU9yQzJTcWh0WEJ0RjIxNFBsaUJuS3k0WDZRZjhfOS1aTHBucU1zYmlvc05WMzhjcnl2UQ?oc=5\" target=\"_blank\" rel=\"nofollow noopener\">\u00ab\u00a0C dans l&rsquo;air\u00a0\u00bb samedi 23 ao\u00fbt 2025, sommaire et invit\u00e9s re\u00e7us par Axel de Tarl\u00e9 sur France 5<\/a>&nbsp;&nbsp;Les coulisses de la T\u00e9l\u00e9vision<\/li>\n<li><a href=\"https:\/\/news.google.com\/rss\/articles\/CBMif0FVX3lxTE1NQTlQSHAxUXkxWTkxeDBkWXRKZE1rS001bnREYk11Y0hROHlwenYxOV92UWphQ0RINHcyNC1waUw2OVUwSzVkRDFTbFpRQ1VPY2lSYkwxX1d0cjFfRUFLVkExZEFmYl94NjhCak5QTlZXY0pIU0xkM0Q3d1JOZkE?oc=5\" target=\"_blank\" rel=\"nofollow noopener\">C dans l&rsquo;air<\/a>&nbsp;&nbsp;T\u00e9l\u00e9 2 semaines<\/li>\n<li><a href=\"https:\/\/news.google.com\/rss\/articles\/CBMigAJBVV95cUxNNG9xUDE5VDBPQTY5VGxWLWRkdnh4bVRLUTFGVlM0OEpzNmhxVTJzVDJoSHB6eHdFTzZRZUdnMEZjWWtmTmk1elR2akxudWVlMnNVeFRFTDVvZHE0MFRlWExUSUk0d05FRkdBSFl2UmtLTENnTDNyN3F3M2RQNFh4a0prS0ZLbUhkT1Z4ZF9oOGlHZVBROTB3R3lzSkEtLUd0VktQaVBCWTA4S2tNUHpnYkx2Nkxnck1OQ0lYd1lzVm5tMUdmRHdFN1d4R19GcHU5aFR0b3pPdDhXbTRjVXZ5eW5DdmcxdXF2dGc3LTl3MnQwbkRiS1J6Vy1XUGFrU3k4?oc=5\" target=\"_blank\" rel=\"nofollow noopener\">\u00ab\u00a0C dans l&rsquo;air\u00a0\u00bb vendredi 22 ao\u00fbt 2025, sommaire et invit\u00e9s re\u00e7us par Axel de Tarl\u00e9 sur France 5<\/a>&nbsp;&nbsp;Les coulisses de la T\u00e9l\u00e9vision<\/li>\n<li><a href=\"https:\/\/news.google.com\/rss\/articles\/CBMi8gFBVV95cUxQY1RMQTh0SkYwZDNLOGFXeS02T19hYndJWmhJOW0tMzJQTFFmakVMRXFpaUV3UktZVno3Rk0zeGliNXBleEkzQzBTUExFWjRNSFlOaGRzOHRBcFRCc3hjalFCbTF3dXR2TEozWERJTUxfLWQ5Y1FSYXRUUW41OUZmVGRIYzdaNFctQi1BbjhUUmNGVkdmbmRTN1lQbGJMNEI2ckRkcG54eThXb0dicVlsRkgtQWZFNWg3MUhpbElfNHQ3UnAyZEtrN2JrU1dwTTdmNUx2Q1pDeTM4NThOMDRCSnJoZ2ViS3N1aEhyODBfb3BBdw?oc=5\" target=\"_blank\" rel=\"nofollow noopener\">\u00ab\u00a0C dans l&rsquo;air\u00a0\u00bb jeudi 21 ao\u00fbt 2025, les invit\u00e9s re\u00e7us par Axel de Tarl\u00e9 sur France 5<\/a>&nbsp;&nbsp;Les coulisses de la T\u00e9l\u00e9vision<\/li>\n<\/ol>\n","protected":false},"excerpt":{"rendered":"C dans l&rsquo;air l&rsquo;invit\u00e9 en replay &#8211; C dans l&rsquo;air l&rsquo;invit\u00e9&nbsp;&nbsp;France TV \u00ab\u00a0C dans l&rsquo;air\u00a0\u00bb samedi 23 ao\u00fbt&hellip;\n","protected":false},"author":2,"featured_media":339484,"comment_status":"","ping_status":"","sticky":false,"template":"","format":"standard","meta":{"footnotes":""},"categories":[1356],"tags":[58,59,1011,27,252,1364],"class_list":{"0":"post-339483","1":"post","2":"type-post","3":"status-publish","4":"format-standard","5":"has-post-thumbnail","7":"category-television","8":"tag-divertissement","9":"tag-entertainment","10":"tag-fr","11":"tag-france","12":"tag-television","13":"tag-tv"},"share_on_mastodon":{"url":"https:\/\/pubeurope.com\/@fr\/115080663590642598","error":""},"_links":{"self":[{"href":"https:\/\/www.europesays.com\/fr\/wp-json\/wp\/v2\/posts\/339483","targetHints":{"allow":["GET"]}}],"collection":[{"href":"https:\/\/www.europesays.com\/fr\/wp-json\/wp\/v2\/posts"}],"about":[{"href":"https:\/\/www.europesays.com\/fr\/wp-json\/wp\/v2\/types\/post"}],"author":[{"embeddable":true,"href":"https:\/\/www.europesays.com\/fr\/wp-json\/wp\/v2\/users\/2"}],"replies":[{"embeddable":true,"href":"https:\/\/www.europesays.com\/fr\/wp-json\/wp\/v2\/comments?post=339483"}],"version-history":[{"count":0,"href":"https:\/\/www.europesays.com\/fr\/wp-json\/wp\/v2\/posts\/339483\/revisions"}],"wp:featuredmedia":[{"embeddable":true,"href":"https:\/\/www.europesays.com\/fr\/wp-json\/wp\/v2\/media\/339484"}],"wp:attachment":[{"href":"https:\/\/www.europesays.com\/fr\/wp-json\/wp\/v2\/media?parent=339483"}],"wp:term":[{"taxonomy":"category","embeddable":true,"href":"https:\/\/www.europesays.com\/fr\/wp-json\/wp\/v2\/categories?post=339483"},{"taxonomy":"post_tag","embeddable":true,"href":"https:\/\/www.europesays.com\/fr\/wp-json\/wp\/v2\/tags?post=339483"}],"curies":[{"name":"wp","href":"https:\/\/api.w.org\/{rel}","templated":true}]}}