{"id":339485,"date":"2025-08-23T23:25:13","date_gmt":"2025-08-23T23:25:13","guid":{"rendered":"https:\/\/www.europesays.com\/fr\/339485\/"},"modified":"2025-08-23T23:25:13","modified_gmt":"2025-08-23T23:25:13","slug":"aaron-lewis-staind-sen-prend-violemment-a-bruce-springsteen","status":"publish","type":"post","link":"https:\/\/www.europesays.com\/fr\/339485\/","title":{"rendered":"Aaron Lewis (Staind) s\u2019en prend violemment \u00e0 Bruce Springsteen"},"content":{"rendered":"<p><strong>Aaron Lewis, chanteur de <a href=\"https:\/\/www.metalzone.fr\/staind\/\" rel=\"nofollow noopener\" target=\"_blank\">Staind<\/a>, s\u2019en prend une nouvelle fois \u00e0 <a href=\"https:\/\/www.metalzone.fr\/bruce-springsteen\/\" rel=\"nofollow noopener\" target=\"_blank\">Bruce Springsteen<\/a>, qu\u2019il accuse d\u2019avoir oubli\u00e9 ses origines et de ne pas reconna\u00eetre ce que l\u2019Am\u00e9rique lui a offert.<\/strong><\/p>\n<p>Aaron Lewis s\u2019en prend \u00e0 Bruce Springsteen<\/p>\n<p>Invit\u00e9 de l\u2019\u00e9mission <a href=\"https:\/\/www.youtube.com\/watch?v=5V6jljDrjOU\" target=\"_blank\" rel=\"nofollow noopener\">The Tucker Carlson Show<\/a>, Aaron Lewis a tenu des propos cinglants \u00e0 l\u2019\u00e9gard de Bruce Springsteen. Le leader du groupe Staind a d\u00e9clar\u00e9 que le musicien originaire du New Jersey faisait \u201cun \u00e9talage \u00e9c\u0153urant d\u2019ingratitude pour tout ce qu\u2019il a re\u00e7u\u201d. Selon Lewis, le succ\u00e8s de Springsteen contredit ses opinions politiques, en particulier celles exprim\u00e9es dans la chanson Born in the USA, qu\u2019il juge trompeuse. L\u2019artiste a ajout\u00e9 : \u201cIl a perdu le contact avec la r\u00e9alit\u00e9 et avec les difficult\u00e9s auxquelles les Am\u00e9ricains sont confront\u00e9s.\u201d<\/p>\n<p>Un conflit politique qui dure<\/p>\n<p>Springsteen, fervent partisan du Parti d\u00e9mocrate, s\u2019oppose depuis longtemps \u00e0 Donald Trump, ce qui a souvent fait de lui une cible des conservateurs. R\u00e9cemment, Trump l\u2019a qualifi\u00e9 de \u201crocker fl\u00e9tri\u201d suite \u00e0 des critiques \u00e9mises en concert, un \u00e9pisode relat\u00e9 <a href=\"https:\/\/www.metalzone.fr\/news\/214684-rocker-fletri-trump-message-violent-bruce-springsteen\/\" target=\"_blank\" rel=\"noopener nofollow\">dans cet article<\/a>. Les tensions entre musique et politique se sont multipli\u00e9es ces derniers mois, impliquant aussi d\u2019autres artistes engag\u00e9s, comme \u00e9voqu\u00e9 <a href=\"https:\/\/www.metalzone.fr\/news\/214862-musiciens-contre-trump-neil-young-contre-attaque\/\" target=\"_blank\" rel=\"noopener nofollow\">ici<\/a>.<\/p>\n<p>De son c\u00f4t\u00e9, Aaron Lewis n\u2019en est pas \u00e0 son premier coup d\u2019\u00e9clat. Dans son single Am I The Only One, il avait d\u00e9j\u00e0 attaqu\u00e9 Springsteen nomm\u00e9ment. Par ailleurs, ses positions conservatrices, son soutien r\u00e9p\u00e9t\u00e9 \u00e0 Donald Trump et ses critiques virulentes envers Barack Obama et Joe Biden ont r\u00e9guli\u00e8rement aliment\u00e9 les d\u00e9bats, en parall\u00e8le de l\u2019activit\u00e9 musicale de Staind, dont l\u2019histoire r\u00e9cente a aussi \u00e9t\u00e9 marqu\u00e9e par la perte du batteur Jon Wysocki (un moment sur lequel nous revenions <a href=\"https:\/\/www.metalzone.fr\/news\/202185-aaron-lewis-staind-hommage-emouvant-batteur-jon-wysocki\/\" target=\"_blank\" rel=\"noopener nofollow\">dans ce papier<\/a>).<\/p><\/p>\n","protected":false},"excerpt":{"rendered":"Aaron Lewis, chanteur de Staind, s\u2019en prend une nouvelle fois \u00e0 Bruce Springsteen, qu\u2019il accuse d\u2019avoir oubli\u00e9 ses&hellip;\n","protected":false},"author":2,"featured_media":339486,"comment_status":"","ping_status":"","sticky":false,"template":"","format":"standard","meta":{"footnotes":""},"categories":[1355],"tags":[58,59,1011,27,1361,873],"class_list":{"0":"post-339485","1":"post","2":"type-post","3":"status-publish","4":"format-standard","5":"has-post-thumbnail","7":"category-musique","8":"tag-divertissement","9":"tag-entertainment","10":"tag-fr","11":"tag-france","12":"tag-music","13":"tag-musique"},"share_on_mastodon":{"url":"https:\/\/pubeurope.com\/@fr\/115080667114068927","error":""},"_links":{"self":[{"href":"https:\/\/www.europesays.com\/fr\/wp-json\/wp\/v2\/posts\/339485","targetHints":{"allow":["GET"]}}],"collection":[{"href":"https:\/\/www.europesays.com\/fr\/wp-json\/wp\/v2\/posts"}],"about":[{"href":"https:\/\/www.europesays.com\/fr\/wp-json\/wp\/v2\/types\/post"}],"author":[{"embeddable":true,"href":"https:\/\/www.europesays.com\/fr\/wp-json\/wp\/v2\/users\/2"}],"replies":[{"embeddable":true,"href":"https:\/\/www.europesays.com\/fr\/wp-json\/wp\/v2\/comments?post=339485"}],"version-history":[{"count":0,"href":"https:\/\/www.europesays.com\/fr\/wp-json\/wp\/v2\/posts\/339485\/revisions"}],"wp:featuredmedia":[{"embeddable":true,"href":"https:\/\/www.europesays.com\/fr\/wp-json\/wp\/v2\/media\/339486"}],"wp:attachment":[{"href":"https:\/\/www.europesays.com\/fr\/wp-json\/wp\/v2\/media?parent=339485"}],"wp:term":[{"taxonomy":"category","embeddable":true,"href":"https:\/\/www.europesays.com\/fr\/wp-json\/wp\/v2\/categories?post=339485"},{"taxonomy":"post_tag","embeddable":true,"href":"https:\/\/www.europesays.com\/fr\/wp-json\/wp\/v2\/tags?post=339485"}],"curies":[{"name":"wp","href":"https:\/\/api.w.org\/{rel}","templated":true}]}}