{"id":339492,"date":"2025-08-23T23:29:11","date_gmt":"2025-08-23T23:29:11","guid":{"rendered":"https:\/\/www.europesays.com\/fr\/339492\/"},"modified":"2025-08-23T23:29:11","modified_gmt":"2025-08-23T23:29:11","slug":"lassistant-realisateur-de-la-serie-decede-a-47-ans-sur-le-tournage-a-venise","status":"publish","type":"post","link":"https:\/\/www.europesays.com\/fr\/339492\/","title":{"rendered":"L\u2019assistant r\u00e9alisateur de la s\u00e9rie d\u00e9c\u00e8de \u00e0 47 ans sur le tournage \u00e0 Venise"},"content":{"rendered":"<p>Le tournage de la nouvelle saison d\u2019Emily in Paris est en deuil. Diego Borella, le troisi\u00e8me assistant r\u00e9alisateur de la s\u00e9rie <a href=\"https:\/\/www.20minutes.fr\/dossier\/netflix\" target=\"_blank\" class=\"c-link c-link--is-underlined\" rel=\"noopener\">Netflix<\/a>, s\u2019est effondr\u00e9 vers 19 heures jeudi sur le plateau avant de d\u00e9c\u00e9der.<\/p>\n<p>Cet Italien embauch\u00e9 pour le tournage qui se d\u00e9roule \u00e0 <a href=\"https:\/\/www.20minutes.fr\/dossier\/venise\" target=\"_blank\" class=\"c-link c-link--is-underlined\" rel=\"noopener\">Venise<\/a>, en <a href=\"https:\/\/www.20minutes.fr\/dossier\/italie\" target=\"_blank\" class=\"c-link c-link--is-underlined\" rel=\"noopener\">Italie<\/a>, \u00e9tait \u00e2g\u00e9 de 47 ans. Malgr\u00e9 les efforts des m\u00e9decins pour le r\u00e9animer, il a \u00e9t\u00e9 d\u00e9clar\u00e9 mort sur place apr\u00e8s une \u00ab\u00a0crise cardiaque soudaine\u00a0\u00bb, selon un m\u00e9dia local cit\u00e9 par <a href=\"https:\/\/variety.com\/2025\/tv\/news\/emily-in-paris-diego-borella-dies-filming-1236496626\/\" rel=\"nofollow noopener\" target=\"_blank\" class=\"c-link c-link--is-underlined\">Variety<\/a>.<\/p>\n<p>Quelques jours d\u2019arr\u00eat<\/p>\n<p>\u00ab\u00a0Nous sommes profond\u00e9ment attrist\u00e9s d\u2019annoncer le d\u00e9c\u00e8s soudain d\u2019un membre de l\u2019\u00e9quipe de production d\u2019Emily in Paris, a d\u00e9clar\u00e9 un porte-parole de Paramount Television Studios dans un communiqu\u00e9 \u00e0 Variety. Nos pens\u00e9es vont \u00e0 la famille et aux proches de la victime en cette p\u00e9riode extr\u00eamement difficile.\u00a0\u00bb<\/p>\n<p><a href=\"https:\/\/www.20minutes.fr\/dossier\/netflix\" target=\"_blank\" class=\"c-link c-btn c-btn--primary\" rel=\"noopener\">Nos articles sur Netflix<\/a><\/p>\n<p>Le tournage de la cinqui\u00e8me saison de la s\u00e9rie port\u00e9e par l\u2019actrice am\u00e9ricaine <a href=\"https:\/\/www.20minutes.fr\/arts-stars\/people\/4136853-20250203-lily-collins-emily-in-paris-accueilli-premier-enfant-gpa\" target=\"_blank\" class=\"c-link c-link--is-underlined\" rel=\"noopener\">Lily Collins<\/a> avec la Fran\u00e7aise <a href=\"https:\/\/www.20minutes.fr\/serie\/4014868-20221219-emily-in-paris-tres-important-avoir-mal-pieds-jouer-sylvie-confie-philippine-leroy-beaulieu\" target=\"_blank\" class=\"c-link c-link--is-underlined\" rel=\"noopener\">Philippine Leroy-Beaulieu<\/a> en second r\u00f4le, a \u00e9t\u00e9 suspendu quelques jours avant de reprendre samedi.<\/p>\n","protected":false},"excerpt":{"rendered":"Le tournage de la nouvelle saison d\u2019Emily in Paris est en deuil. Diego Borella, le troisi\u00e8me assistant r\u00e9alisateur&hellip;\n","protected":false},"author":2,"featured_media":339493,"comment_status":"","ping_status":"","sticky":false,"template":"","format":"standard","meta":{"footnotes":""},"categories":[8],"tags":[251,3983,58,59,1011,27,127,521,16787],"class_list":{"0":"post-339492","1":"post","2":"type-post","3":"status-publish","4":"format-standard","5":"has-post-thumbnail","7":"category-divertissement","8":"tag-culture","9":"tag-deces","10":"tag-divertissement","11":"tag-entertainment","12":"tag-fr","13":"tag-france","14":"tag-netflix","15":"tag-serie","16":"tag-venise"},"share_on_mastodon":{"url":"https:\/\/pubeurope.com\/@fr\/115080682832726600","error":""},"_links":{"self":[{"href":"https:\/\/www.europesays.com\/fr\/wp-json\/wp\/v2\/posts\/339492","targetHints":{"allow":["GET"]}}],"collection":[{"href":"https:\/\/www.europesays.com\/fr\/wp-json\/wp\/v2\/posts"}],"about":[{"href":"https:\/\/www.europesays.com\/fr\/wp-json\/wp\/v2\/types\/post"}],"author":[{"embeddable":true,"href":"https:\/\/www.europesays.com\/fr\/wp-json\/wp\/v2\/users\/2"}],"replies":[{"embeddable":true,"href":"https:\/\/www.europesays.com\/fr\/wp-json\/wp\/v2\/comments?post=339492"}],"version-history":[{"count":0,"href":"https:\/\/www.europesays.com\/fr\/wp-json\/wp\/v2\/posts\/339492\/revisions"}],"wp:featuredmedia":[{"embeddable":true,"href":"https:\/\/www.europesays.com\/fr\/wp-json\/wp\/v2\/media\/339493"}],"wp:attachment":[{"href":"https:\/\/www.europesays.com\/fr\/wp-json\/wp\/v2\/media?parent=339492"}],"wp:term":[{"taxonomy":"category","embeddable":true,"href":"https:\/\/www.europesays.com\/fr\/wp-json\/wp\/v2\/categories?post=339492"},{"taxonomy":"post_tag","embeddable":true,"href":"https:\/\/www.europesays.com\/fr\/wp-json\/wp\/v2\/tags?post=339492"}],"curies":[{"name":"wp","href":"https:\/\/api.w.org\/{rel}","templated":true}]}}