{"id":339498,"date":"2025-08-23T23:32:11","date_gmt":"2025-08-23T23:32:11","guid":{"rendered":"https:\/\/www.europesays.com\/fr\/339498\/"},"modified":"2025-08-23T23:32:11","modified_gmt":"2025-08-23T23:32:11","slug":"liran-dit-avoir-tue-six-membres-dun-groupe-lie-a-israel","status":"publish","type":"post","link":"https:\/\/www.europesays.com\/fr\/339498\/","title":{"rendered":"L&rsquo;Iran Dit Avoir Tu\u00e9 Six Membres D&rsquo;un Groupe Li\u00e9 \u00c0 Isra\u00ebl"},"content":{"rendered":"<p class=\"\" data-is=\"component-paragraph\">Les forces iraniennes ont annonc\u00e9 avoir tu\u00e9 six militants lors d\u2019un raid dans la province instable du Sistan-Balouchistan, frontali\u00e8re du Pakistan et de l\u2019Afghanistan. Selon l\u2019agence officielle IRNA, ces hommes appartenaient \u00e0 un groupe \u00ab terroriste \u00bb pr\u00e9sent\u00e9 comme li\u00e9 \u00e0 Isra\u00ebl. Deux autres suspects ont \u00e9t\u00e9 arr\u00eat\u00e9s.<\/p>\n<p class=\"\" data-is=\"component-paragraph\">L\u2019op\u00e9ration, dont la date et le lieu exact n\u2019ont pas \u00e9t\u00e9 pr\u00e9cis\u00e9s, a donn\u00e9 lieu \u00e0 un \u00e9change de tirs intense. Deux agents du renseignement et un policier iranien ont \u00e9t\u00e9 bless\u00e9s. Les autorit\u00e9s affirment avoir trouv\u00e9 des \u00ab documents \u00bb attestant de la \u00ab nature sioniste \u00bb du groupe vis\u00e9, qui aurait planifi\u00e9 une attaque contre une installation \u00ab vitale \u00bb dans l\u2019est du pays.<\/p>\n<p class=\"\" data-is=\"component-paragraph\">L&rsquo;agence IRNA a ajout\u00e9 que \u00ab l\u2019\u00e9quipe op\u00e9rationnelle principale \u00bb \u00e9tait compos\u00e9e de sept \u00ab terroristes non iraniens \u00bb, sans pr\u00e9ciser leur nationalit\u00e9.\u00a0La r\u00e9gion du Sistan-Balouchistan est r\u00e9guli\u00e8rement le th\u00e9\u00e2tre d\u2019affrontements entre les forces de s\u00e9curit\u00e9 iraniennes et divers groupes arm\u00e9s, qu\u2019il s\u2019agisse de trafiquants de drogue, de s\u00e9paratistes ou de mouvements islamistes. L\u2019Iran accuse fr\u00e9quemment Isra\u00ebl et ses alli\u00e9s r\u00e9gionaux d\u2019encourager ces attaques afin de d\u00e9stabiliser le pays.\u00a0Ce nouvel incident survient alors que T\u00e9h\u00e9ran multiplie les mises en garde contre ses \u00ab ennemis ext\u00e9rieurs \u00bb, dans un climat d\u00e9j\u00e0 tendu par le bras de fer nucl\u00e9aire avec les puissances occidentales et les r\u00e9percussions r\u00e9gionales de sa confrontation avec Isra\u00ebl.<\/p>\n","protected":false},"excerpt":{"rendered":"Les forces iraniennes ont annonc\u00e9 avoir tu\u00e9 six militants lors d\u2019un raid dans la province instable du Sistan-Balouchistan,&hellip;\n","protected":false},"author":2,"featured_media":339499,"comment_status":"","ping_status":"","sticky":false,"template":"","format":"standard","meta":{"footnotes":""},"categories":[5],"tags":[11,1011,27,14,12,28],"class_list":{"0":"post-339498","1":"post","2":"type-post","3":"status-publish","4":"format-standard","5":"has-post-thumbnail","7":"category-international","8":"tag-actualites","9":"tag-fr","10":"tag-france","11":"tag-international","12":"tag-news","13":"tag-world"},"share_on_mastodon":{"url":"https:\/\/pubeurope.com\/@fr\/115080694574217424","error":""},"_links":{"self":[{"href":"https:\/\/www.europesays.com\/fr\/wp-json\/wp\/v2\/posts\/339498","targetHints":{"allow":["GET"]}}],"collection":[{"href":"https:\/\/www.europesays.com\/fr\/wp-json\/wp\/v2\/posts"}],"about":[{"href":"https:\/\/www.europesays.com\/fr\/wp-json\/wp\/v2\/types\/post"}],"author":[{"embeddable":true,"href":"https:\/\/www.europesays.com\/fr\/wp-json\/wp\/v2\/users\/2"}],"replies":[{"embeddable":true,"href":"https:\/\/www.europesays.com\/fr\/wp-json\/wp\/v2\/comments?post=339498"}],"version-history":[{"count":0,"href":"https:\/\/www.europesays.com\/fr\/wp-json\/wp\/v2\/posts\/339498\/revisions"}],"wp:featuredmedia":[{"embeddable":true,"href":"https:\/\/www.europesays.com\/fr\/wp-json\/wp\/v2\/media\/339499"}],"wp:attachment":[{"href":"https:\/\/www.europesays.com\/fr\/wp-json\/wp\/v2\/media?parent=339498"}],"wp:term":[{"taxonomy":"category","embeddable":true,"href":"https:\/\/www.europesays.com\/fr\/wp-json\/wp\/v2\/categories?post=339498"},{"taxonomy":"post_tag","embeddable":true,"href":"https:\/\/www.europesays.com\/fr\/wp-json\/wp\/v2\/tags?post=339498"}],"curies":[{"name":"wp","href":"https:\/\/api.w.org\/{rel}","templated":true}]}}