{"id":339509,"date":"2025-08-23T23:43:10","date_gmt":"2025-08-23T23:43:10","guid":{"rendered":"https:\/\/www.europesays.com\/fr\/339509\/"},"modified":"2025-08-23T23:43:10","modified_gmt":"2025-08-23T23:43:10","slug":"previsions-du-dimanche-24-aout-2025","status":"publish","type":"post","link":"https:\/\/www.europesays.com\/fr\/339509\/","title":{"rendered":"pr\u00e9visions du dimanche 24 ao\u00fbt 2025"},"content":{"rendered":"<p>Un bel ensoleillement est attendu aujourd&rsquo;hui \u00e0 Montpellier. Les valeurs seront comprises entre 19 et 28\u00b0C. Un l\u00e9ger vent de nord-est soufflera au cours de la matin\u00e9e. Les temp\u00e9ratures s&rsquo;\u00e9chelonneront de 26 \u00e0 28\u00b0C sur l&rsquo;ensemble de l&rsquo;apr\u00e8s-midi. Il fera 23\u00b0C en moyenne le soir. Durant la nuit de dimanche \u00e0 lundi, le ciel sera limpide.<\/p>\n<p>Demain, les Montpelli\u00e9rains vont pouvoir profiter d&rsquo;un soleil magnifique. Les temp\u00e9ratures vont baisser de quelques degr\u00e9s. Il va faire en moyenne 23\u00b0C. Un vent de sud-est rafra\u00eechira l\u00e9g\u00e8rement l&rsquo;atmosph\u00e8re. Les valeurs seront de 24\u00b0C au plus bas et de 26\u00b0C au plus haut l&rsquo;apr\u00e8s-midi. Des \u00e9claircies sont pr\u00e9vues : on passera une soir\u00e9e cl\u00e9mente. Les temp\u00e9ratures seront de 23\u00b0C.<\/p>\n<p>Les jours qui suivent s&rsquo;annoncent identiques. Il va faire un temps assez ensoleill\u00e9 avec des temp\u00e9ratures d&rsquo;environ 27\u00b0C.<\/p>\n<p><\/p>\n","protected":false},"excerpt":{"rendered":"Un bel ensoleillement est attendu aujourd&rsquo;hui \u00e0 Montpellier. Les valeurs seront comprises entre 19 et 28\u00b0C. Un l\u00e9ger&hellip;\n","protected":false},"author":2,"featured_media":339510,"comment_status":"","ping_status":"","sticky":false,"template":"","format":"standard","meta":{"footnotes":""},"categories":[9599],"tags":[1111,11,1777,674,1011,27,7089,2681,2208,12,2680,2119,25],"class_list":{"0":"post-339509","1":"post","2":"type-post","3":"status-publish","4":"format-standard","5":"has-post-thumbnail","7":"category-montpellier","8":"tag-actu","9":"tag-actualites","10":"tag-eu","11":"tag-europe","12":"tag-fr","13":"tag-france","14":"tag-herault","15":"tag-languedoc-roussillon","16":"tag-montpellier","17":"tag-news","18":"tag-occitanie","19":"tag-previsions-meteo","20":"tag-republique-francaise"},"share_on_mastodon":{"url":"https:\/\/pubeurope.com\/@fr\/115080737974467774","error":""},"_links":{"self":[{"href":"https:\/\/www.europesays.com\/fr\/wp-json\/wp\/v2\/posts\/339509","targetHints":{"allow":["GET"]}}],"collection":[{"href":"https:\/\/www.europesays.com\/fr\/wp-json\/wp\/v2\/posts"}],"about":[{"href":"https:\/\/www.europesays.com\/fr\/wp-json\/wp\/v2\/types\/post"}],"author":[{"embeddable":true,"href":"https:\/\/www.europesays.com\/fr\/wp-json\/wp\/v2\/users\/2"}],"replies":[{"embeddable":true,"href":"https:\/\/www.europesays.com\/fr\/wp-json\/wp\/v2\/comments?post=339509"}],"version-history":[{"count":0,"href":"https:\/\/www.europesays.com\/fr\/wp-json\/wp\/v2\/posts\/339509\/revisions"}],"wp:featuredmedia":[{"embeddable":true,"href":"https:\/\/www.europesays.com\/fr\/wp-json\/wp\/v2\/media\/339510"}],"wp:attachment":[{"href":"https:\/\/www.europesays.com\/fr\/wp-json\/wp\/v2\/media?parent=339509"}],"wp:term":[{"taxonomy":"category","embeddable":true,"href":"https:\/\/www.europesays.com\/fr\/wp-json\/wp\/v2\/categories?post=339509"},{"taxonomy":"post_tag","embeddable":true,"href":"https:\/\/www.europesays.com\/fr\/wp-json\/wp\/v2\/tags?post=339509"}],"curies":[{"name":"wp","href":"https:\/\/api.w.org\/{rel}","templated":true}]}}