{"id":339512,"date":"2025-08-23T23:49:07","date_gmt":"2025-08-23T23:49:07","guid":{"rendered":"https:\/\/www.europesays.com\/fr\/339512\/"},"modified":"2025-08-23T23:49:07","modified_gmt":"2025-08-23T23:49:07","slug":"elles-sont-heliportees-dans-un-etat-grave-a-rouen","status":"publish","type":"post","link":"https:\/\/www.europesays.com\/fr\/339512\/","title":{"rendered":"elles sont h\u00e9liport\u00e9es dans un \u00e9tat grave \u00e0 Rouen"},"content":{"rendered":"<p>            Par<br \/>\n        <strong><br \/>\n            <a href=\"https:\/\/actu.fr\/auteur\/julien-bouteiller\" title=\"Consulter tous les articles de Julien Bouteiller\" rel=\"nofollow noopener\" target=\"_blank\">Julien Bouteiller<\/a><br \/>\n        <\/strong><\/p>\n<p>        Publi\u00e9 le<\/p>\n<p>            22 ao\u00fbt 2025 \u00e0 11h28        <\/p>\n<p><strong>Grave accident en Seine-Maritime<\/strong> ce jeudi 21 ao\u00fbt 2025.<strong> Deux adolescentes \u00e0 trottinette ont \u00e9t\u00e9 renvers\u00e9es par un automobiliste<\/strong> et sont gri\u00e8vement bless\u00e9es, apprend-on de source polici\u00e8re.<\/p>\n<p>H\u00e9liport\u00e9es dans un \u00e9tat grave<\/p>\n<p class=\" wall-content\">L\u2019accident s\u2019est produit aux alentours de 13h30,<strong> rue Claude-Bernard \u00e0 Port-J\u00e9r\u00f4me-sur-Seine<\/strong>. Dans des circonstances qui restent \u00e0 d\u00e9terminer, un automobiliste a renvers\u00e9 les deux jeunes filles qui se trouvaient sur une trottinette.<\/p>\n<p class=\" wall-content\">\u00c2g\u00e9es de 13 et 15 ans, elles ont \u00e9t\u00e9 <strong>h\u00e9liport\u00e9es vers le CHU Charles-Nicolle \u00e0 Rouen<\/strong>. On ignore comment leur \u00e9tat de sant\u00e9 a \u00e9volu\u00e9 depuis.<\/p>\n<p class=\" wall-content\">Sur les r\u00e9seaux sociaux, la Direction interd\u00e9partementale de la police nationale a tenu \u00e0 rappeler qu\u2019il est interdit de circuler \u00e0 deux sur une trottinette \u00e9lectrique, que l\u2019\u00e2ge minimum pour circuler sur ces engins est de 14 ans et que le port du casque est fortement recommand\u00e9.<\/p>\n<p class=\" wall-content\">Personnalisez votre actualit\u00e9 en ajoutant vos villes et m\u00e9dias en favori avec <a href=\"https:\/\/moncompte.actu.fr\" title=\"D\u00e9couvez Mon Actu\" rel=\"nofollow noopener\" data-trk=\"{&quot;cta&quot;:{&quot;action&quot;:&quot;https:\\\/\\\/moncompte.actu.fr&quot;,&quot;category&quot;:&quot;mon compte&quot;,&quot;from&quot;:&quot;article footer&quot;,&quot;name&quot;:&quot;Mon actu&quot;,&quot;type&quot;:&quot;cta&quot;}}\" target=\"_blank\">Mon Actu<\/a>.<\/p>\n","protected":false},"excerpt":{"rendered":"Par Julien Bouteiller Publi\u00e9 le 22 ao\u00fbt 2025 \u00e0 11h28 Grave accident en Seine-Maritime ce jeudi 21 ao\u00fbt&hellip;\n","protected":false},"author":2,"featured_media":339513,"comment_status":"","ping_status":"","sticky":false,"template":"","format":"standard","meta":{"footnotes":""},"categories":[9587],"tags":[119,1111,11,1777,674,118,1011,27,12,5161,25,9590,6960],"class_list":{"0":"post-339512","1":"post","2":"type-post","3":"status-publish","4":"format-standard","5":"has-post-thumbnail","7":"category-rouen","8":"tag-accident","9":"tag-actu","10":"tag-actualites","11":"tag-eu","12":"tag-europe","13":"tag-faits-divers","14":"tag-fr","15":"tag-france","16":"tag-news","17":"tag-normandie","18":"tag-republique-francaise","19":"tag-rouen","20":"tag-trottinette-electrique"},"share_on_mastodon":{"url":"https:\/\/pubeurope.com\/@fr\/115080761387431608","error":""},"_links":{"self":[{"href":"https:\/\/www.europesays.com\/fr\/wp-json\/wp\/v2\/posts\/339512","targetHints":{"allow":["GET"]}}],"collection":[{"href":"https:\/\/www.europesays.com\/fr\/wp-json\/wp\/v2\/posts"}],"about":[{"href":"https:\/\/www.europesays.com\/fr\/wp-json\/wp\/v2\/types\/post"}],"author":[{"embeddable":true,"href":"https:\/\/www.europesays.com\/fr\/wp-json\/wp\/v2\/users\/2"}],"replies":[{"embeddable":true,"href":"https:\/\/www.europesays.com\/fr\/wp-json\/wp\/v2\/comments?post=339512"}],"version-history":[{"count":0,"href":"https:\/\/www.europesays.com\/fr\/wp-json\/wp\/v2\/posts\/339512\/revisions"}],"wp:featuredmedia":[{"embeddable":true,"href":"https:\/\/www.europesays.com\/fr\/wp-json\/wp\/v2\/media\/339513"}],"wp:attachment":[{"href":"https:\/\/www.europesays.com\/fr\/wp-json\/wp\/v2\/media?parent=339512"}],"wp:term":[{"taxonomy":"category","embeddable":true,"href":"https:\/\/www.europesays.com\/fr\/wp-json\/wp\/v2\/categories?post=339512"},{"taxonomy":"post_tag","embeddable":true,"href":"https:\/\/www.europesays.com\/fr\/wp-json\/wp\/v2\/tags?post=339512"}],"curies":[{"name":"wp","href":"https:\/\/api.w.org\/{rel}","templated":true}]}}