{"id":339514,"date":"2025-08-23T23:55:11","date_gmt":"2025-08-23T23:55:11","guid":{"rendered":"https:\/\/www.europesays.com\/fr\/339514\/"},"modified":"2025-08-23T23:55:11","modified_gmt":"2025-08-23T23:55:11","slug":"previsions-du-dimanche-24-aout-2025-2","status":"publish","type":"post","link":"https:\/\/www.europesays.com\/fr\/339514\/","title":{"rendered":"pr\u00e9visions du dimanche 24 ao\u00fbt 2025"},"content":{"rendered":"<p>Aujourd&rsquo;hui, un grand soleil rayonnera sur Rennes. Les maximales iront jusqu&rsquo;\u00e0 31\u00b0C et les minimales seront de 13\u00b0C. Un vent de sud-est rafra\u00eechira quelque peu l&rsquo;atmosph\u00e8re. Les temp\u00e9ratures vont conna\u00eetre une hausse de plusieurs degr\u00e9s dans l&rsquo;apr\u00e8s-midi. Les valeurs maximales annonc\u00e9es sont importantes, avec 31\u00b0C. Les valeurs seront de 29\u00b0C au plus bas et de 31\u00b0C au plus haut. Durant la nuit de dimanche \u00e0 lundi, le ciel sera clair.<\/p>\n<p>Pour Rennes, un temps plus chaud est attendu demain \u00e9tant donn\u00e9 que les temp\u00e9ratures vont enregistrer une augmentation. La p\u00e9riode de fortes chaleurs est bien l\u00e0, avec des temp\u00e9ratures qui pourront monter \u00e0 35\u00b0C. Les valeurs seront comprises entre 16 et 35\u00b0C. La m\u00e9t\u00e9o va progressivement s&rsquo;am\u00e9liorer dans la matin\u00e9e et laisser place \u00e0 des \u00e9claircies. La ville va p\u00e2tir des grosses chaleurs avec des temp\u00e9ratures qui devraient grimper jusqu&rsquo;\u00e0 31\u00b0C. Un modeste vent de sud-est sera ressenti par les habitants. Demain apr\u00e8s-midi, les Rennais vont pouvoir b\u00e9n\u00e9ficier d&rsquo;un soleil magnifique. La m\u00e9t\u00e9o va se r\u00e9chauffer avec une hausse de plusieurs degr\u00e9s. Les importantes chaleurs sont pr\u00e9sentes. Avec des valeurs comprises entre 32 et 35\u00b0C. Une brise de nord-ouest soufflera doucement dans la soir\u00e9e.<\/p>\n<p>La m\u00e9t\u00e9o des jours qui suivent va changer peu \u00e0 peu. Apr\u00e8s un temps similaire mardi, la situation changera mercredi.<\/p>\n<p><\/p>\n","protected":false},"excerpt":{"rendered":"Aujourd&rsquo;hui, un grand soleil rayonnera sur Rennes. Les maximales iront jusqu&rsquo;\u00e0 31\u00b0C et les minimales seront de 13\u00b0C.&hellip;\n","protected":false},"author":2,"featured_media":339515,"comment_status":"","ping_status":"","sticky":false,"template":"","format":"standard","meta":{"footnotes":""},"categories":[2821],"tags":[1111,11,829,1777,674,1011,27,848,12,2119,584,25],"class_list":{"0":"post-339514","1":"post","2":"type-post","3":"status-publish","4":"format-standard","5":"has-post-thumbnail","7":"category-rennes","8":"tag-actu","9":"tag-actualites","10":"tag-bretagne","11":"tag-eu","12":"tag-europe","13":"tag-fr","14":"tag-france","15":"tag-ille-et-vilaine","16":"tag-news","17":"tag-previsions-meteo","18":"tag-rennes","19":"tag-republique-francaise"},"share_on_mastodon":{"url":"https:\/\/pubeurope.com\/@fr\/115080785172135698","error":""},"_links":{"self":[{"href":"https:\/\/www.europesays.com\/fr\/wp-json\/wp\/v2\/posts\/339514","targetHints":{"allow":["GET"]}}],"collection":[{"href":"https:\/\/www.europesays.com\/fr\/wp-json\/wp\/v2\/posts"}],"about":[{"href":"https:\/\/www.europesays.com\/fr\/wp-json\/wp\/v2\/types\/post"}],"author":[{"embeddable":true,"href":"https:\/\/www.europesays.com\/fr\/wp-json\/wp\/v2\/users\/2"}],"replies":[{"embeddable":true,"href":"https:\/\/www.europesays.com\/fr\/wp-json\/wp\/v2\/comments?post=339514"}],"version-history":[{"count":0,"href":"https:\/\/www.europesays.com\/fr\/wp-json\/wp\/v2\/posts\/339514\/revisions"}],"wp:featuredmedia":[{"embeddable":true,"href":"https:\/\/www.europesays.com\/fr\/wp-json\/wp\/v2\/media\/339515"}],"wp:attachment":[{"href":"https:\/\/www.europesays.com\/fr\/wp-json\/wp\/v2\/media?parent=339514"}],"wp:term":[{"taxonomy":"category","embeddable":true,"href":"https:\/\/www.europesays.com\/fr\/wp-json\/wp\/v2\/categories?post=339514"},{"taxonomy":"post_tag","embeddable":true,"href":"https:\/\/www.europesays.com\/fr\/wp-json\/wp\/v2\/tags?post=339514"}],"curies":[{"name":"wp","href":"https:\/\/api.w.org\/{rel}","templated":true}]}}