{"id":339520,"date":"2025-08-23T23:58:22","date_gmt":"2025-08-23T23:58:22","guid":{"rendered":"https:\/\/www.europesays.com\/fr\/339520\/"},"modified":"2025-08-23T23:58:22","modified_gmt":"2025-08-23T23:58:22","slug":"cote-dazur-bilan-estival-paris-cote-dazur","status":"publish","type":"post","link":"https:\/\/www.europesays.com\/fr\/339520\/","title":{"rendered":"C\u00f4te d&rsquo;Azur. Bilan estival\u2026 &#8211; Paris C\u00f4te d&rsquo;Azur"},"content":{"rendered":"<p><img decoding=\"async\" src=\"https:\/\/www.europesays.com\/fr\/wp-content\/uploads\/2025\/08\/bilanestivale2025.png\" title=\"\" alt=\"\"\/><br \/>\u00a9 C\u00f4te d\u2019Azur France Tourisme<\/p>\n<p>Cette saison confirme l\u2019attractivit\u00e9 de la destination, fruit d\u2019un travail soutenu, men\u00e9 en lien \u00e9troit et avec le soutien du D\u00e9partement des Alpes-Maritimes, des Offices de Tourisme, des partenaires institutionnels et de l\u2019ensemble des professionnels, publics et priv\u00e9s, du tourisme azur\u00e9en. Leur mobilisation, leur ouverture sur l\u2019international et leur capacit\u00e9 d\u2019adaptation permettent \u00e0 la C\u00f4te d\u2019Azur de maintenir des performances remarquables, avec en moyenne pr\u00e8s de 85% de taux d\u2019occupation dans l\u2019h\u00f4tellerie littorale de juin \u00e0 ao\u00fbt, dans un contexte national plus qu\u2019incertain.<\/p>\n<p>En montagne et vall\u00e9es, la saison estivale affiche une belle stabilit\u00e9 avec un taux d\u2019occupation moyen proche de 50% sur l\u2019ensemble des vacances, et des pics sup\u00e9rieurs \u00e0 62% \u00e0 la mi-ao\u00fbt. Les r\u00e9sidences de tourisme atteignent pr\u00e8s de 65% d\u2019occupation, confirmant l\u2019attrait croissant des s\u00e9jours en altitude comme refuge de fra\u00eecheur et de nature en plein \u00e9t\u00e9.<\/p>\n<p>Malgr\u00e9 des indicateurs globalement excellents sur l\u2019h\u00e9bergement marchand, les Unions des M\u00e9tiers et des Industries de l\u2019H\u00f4tellerie des Alpes-Maritimes rapportent une baisse de fr\u00e9quentation de 15 \u00e0 20\u00a0% dans de nombreux restaurants. Certains observent m\u00eame des baisses jusqu\u2019\u00e0 \u201125\u00a0%. La restauration traditionnelle semble la plus impact\u00e9e.<\/p>\n<p>Pour Alexandra Borghio Fontimp, pr\u00e9sidente de C\u00f4te d\u2019Azur France Tourisme\u00a0: \u00ab\u00a0Les excellents r\u00e9sultats de cette saison estivale confirment l\u2019attractivit\u00e9 unique de la C\u00f4te d\u2019Azur et la force de notre strat\u00e9gie collective. Peu de destinations en France et en Europe maintiennent aujourd\u2019hui un tel niveau de fr\u00e9quentation et de performances \u00e9conomiques, et nous pouvons en \u00eatre fiers. Mais au-del\u00e0 des chiffres, je tiens \u00e0 saluer la mobilisation de tous nos partenaires \u2013 \u00e9lus, institutionnels, offices de tourisme, entreprises locales et professionnels du secteur \u2013 qui contribuent chaque jour \u00e0 faire rayonner notre territoire. Nous savons \u00e9galement entendre les inqui\u00e9tudes de certains, notamment dans la restauration, et c\u2019est aussi pour eux que nous continuerons \u00e0 adapter nos actions aux enjeux de notre \u00e9poque. Nous d\u00e9voilerons d\u00e9but octobre notre plan d\u2019actions 2026 pour poursuivre cette dynamique au b\u00e9n\u00e9fice de tous et accompagner encore mieux l\u2019ensemble des acteurs du tourisme azur\u00e9en. Notre strat\u00e9gie d\u2019un tourisme raisonn\u00e9 tout au long de l\u2019ann\u00e9e reste notre priorit\u00e9 afin d\u2019offrir \u00e0 notre destination des flux ma\u00eetris\u00e9s qui r\u00e9pondent aux enjeux du territoire et aux attentes de nos visiteurs.\u00a0\u00bb<\/p>\n<ul>\n<li>A noter que, dans le contexte politiquement incertain actuel, les \u00c9tats-Unis occupent malgr\u00e9 tout la 1\u00e8re place pour les nuit\u00e9es marchandes. Ils repr\u00e9sentent un march\u00e9 essentiel \u00e0 l\u2019\u00e9conomie touristique azur\u00e9enne avec une d\u00e9pense quotidienne moyenne de 170\u00a0\u20ac\/personne, contre 75\u20ac pour un touriste fran\u00e7ais. Le march\u00e9 nord-am\u00e9ricain (\u00c9tats-Unis\/Canada) constitue un v\u00e9ritable pilier. C\u2019est pourquoi C\u00f4te d\u2019Azur France Tourisme souhaite poursuivre cette dynamique et annonce, parmi beaucoup d\u2019autres, une nouvelle mission de promotion du 2 au 5 f\u00e9vrier 2026 avec des \u00e9tapes \u00e0 Boston, Houston, Chicago et Toronto. CQFD\u00a0!<\/li>\n<\/ul>\n","protected":false},"excerpt":{"rendered":"\u00a9 C\u00f4te d\u2019Azur France Tourisme Cette saison confirme l\u2019attractivit\u00e9 de la destination, fruit d\u2019un travail soutenu, men\u00e9 en&hellip;\n","protected":false},"author":2,"featured_media":339521,"comment_status":"","ping_status":"","sticky":false,"template":"","format":"standard","meta":{"footnotes":""},"categories":[2819],"tags":[1111,47,11,1777,674,1011,27,1110,1031,12,2401,882,25],"class_list":{"0":"post-339520","1":"post","2":"type-post","3":"status-publish","4":"format-standard","5":"has-post-thumbnail","7":"category-nice","8":"tag-actu","9":"tag-actualite","10":"tag-actualites","11":"tag-eu","12":"tag-europe","13":"tag-fr","14":"tag-france","15":"tag-informations","16":"tag-magazine","17":"tag-news","18":"tag-nice","19":"tag-provence-alpes-cote-dazur","20":"tag-republique-francaise"},"share_on_mastodon":{"url":"https:\/\/pubeurope.com\/@fr\/115080797594879109","error":""},"_links":{"self":[{"href":"https:\/\/www.europesays.com\/fr\/wp-json\/wp\/v2\/posts\/339520","targetHints":{"allow":["GET"]}}],"collection":[{"href":"https:\/\/www.europesays.com\/fr\/wp-json\/wp\/v2\/posts"}],"about":[{"href":"https:\/\/www.europesays.com\/fr\/wp-json\/wp\/v2\/types\/post"}],"author":[{"embeddable":true,"href":"https:\/\/www.europesays.com\/fr\/wp-json\/wp\/v2\/users\/2"}],"replies":[{"embeddable":true,"href":"https:\/\/www.europesays.com\/fr\/wp-json\/wp\/v2\/comments?post=339520"}],"version-history":[{"count":0,"href":"https:\/\/www.europesays.com\/fr\/wp-json\/wp\/v2\/posts\/339520\/revisions"}],"wp:featuredmedia":[{"embeddable":true,"href":"https:\/\/www.europesays.com\/fr\/wp-json\/wp\/v2\/media\/339521"}],"wp:attachment":[{"href":"https:\/\/www.europesays.com\/fr\/wp-json\/wp\/v2\/media?parent=339520"}],"wp:term":[{"taxonomy":"category","embeddable":true,"href":"https:\/\/www.europesays.com\/fr\/wp-json\/wp\/v2\/categories?post=339520"},{"taxonomy":"post_tag","embeddable":true,"href":"https:\/\/www.europesays.com\/fr\/wp-json\/wp\/v2\/tags?post=339520"}],"curies":[{"name":"wp","href":"https:\/\/api.w.org\/{rel}","templated":true}]}}