{"id":339522,"date":"2025-08-23T23:59:14","date_gmt":"2025-08-23T23:59:14","guid":{"rendered":"https:\/\/www.europesays.com\/fr\/339522\/"},"modified":"2025-08-23T23:59:14","modified_gmt":"2025-08-23T23:59:14","slug":"ce-nest-pas-moi-qui-donne-les-bons-de-sortie-rappelle-haise","status":"publish","type":"post","link":"https:\/\/www.europesays.com\/fr\/339522\/","title":{"rendered":"\u00ab\u00a0Ce n&rsquo;est pas moi qui donne les bons de sortie\u00a0\u00bb, rappelle Haise"},"content":{"rendered":"<p>Nice : \u00ab\u00a0Ce n&rsquo;est pas moi qui donne les bons de sortie\u00a0\u00bb, rappelle Haise Sur le m\u00eame sujet<a href=\"https:\/\/rmcsport.bfmtv.com\/football\/ligue-1\/video-lyon-3-0-metz-j2-avoir-faim-les-raisons-du-bon-depart-des-gones_VN-202508230298.html\" title=\"Lyon 3-0 Metz (J2) : &quot;Avoir faim&quot; les raisons du bon d\u00e9part des Gones\" rel=\"nofollow noopener\" target=\"_blank\"><img class=\"lozad\"  width=\"16\" height=\"9\" alt=\"Lyon 3-0 Metz (J2) : &quot;Avoir faim&quot; les raisons du bon d\u00e9part des Gones\"\/>1:19Lyon 3-0 Metz (J2) : \u00ab\u00a0Avoir faim\u00a0\u00bb les raisons du bon d\u00e9part des Gones<\/a><a href=\"https:\/\/rmcsport.bfmtv.com\/replay-emissions\/after-foot\/video-om-5-2-paris-fc-marseille-retrouve-le-sourire-le-debrief-complet-de-l-after-foot_VN-202508230293.html\" title=\"OM 5-2 Paris FC : Marseille retrouve le sourire, le d\u00e9brief complet de l&#039;After foot\" rel=\"nofollow noopener\" target=\"_blank\"><img class=\"lozad\"  width=\"16\" height=\"9\" alt=\"OM 5-2 Paris FC : Marseille retrouve le sourire, le d\u00e9brief complet de l'After foot\"\/>9:04OM 5-2 Paris FC : Marseille retrouve le sourire, le d\u00e9brief complet de l&rsquo;After foot<\/a><a href=\"https:\/\/rmcsport.bfmtv.com\/replay-emissions\/after-foot\/video-ol-3-0-metz-lyon-confirme-le-debrief-complet-de-l-after-foot_VN-202508230287.html\" title=\"OL 3-0 Metz : Lyon confirme, le d\u00e9brief complet de l&#039;After foot\" rel=\"nofollow noopener\" target=\"_blank\"><img class=\"lozad\"  width=\"16\" height=\"9\" alt=\"OL 3-0 Metz : Lyon confirme, le d\u00e9brief complet de l'After foot\"\/>12:54OL 3-0 Metz : Lyon confirme, le d\u00e9brief complet de l&rsquo;After foot<\/a><a href=\"https:\/\/rmcsport.bfmtv.com\/football\/ligue-1\/video-nice-ce-n-est-pas-moi-qui-donne-les-bons-de-sortie-rappelle-haise_VN-202508230272.html\" title=\"Nice : &quot;Ce n&#039;est pas moi qui donne les bons de sortie&quot;, rappelle Haise\" rel=\"nofollow noopener\" target=\"_blank\"><img class=\"lozad\"  width=\"16\" height=\"9\" alt=\"Nice : &quot;Ce n'est pas moi qui donne les bons de sortie&quot;, rappelle Haise\"\/>en lectureNice : \u00ab\u00a0Ce n&rsquo;est pas moi qui donne les bons de sortie\u00a0\u00bb, rappelle Haise<\/a><a href=\"https:\/\/rmcsport.bfmtv.com\/football\/ligue-1\/video-om-5-2-paris-fc-le-constat-est-simple-on-a-zero-point-regrette-gilli_VN-202508230257.html\" title=\"OM 5-2 Paris FC : &quot;Le constat est simple, on a z\u00e9ro point...&quot; regrette Gilli\" rel=\"nofollow noopener\" target=\"_blank\"><img class=\"lozad\"  width=\"16\" height=\"9\" alt=\"OM 5-2 Paris FC : &quot;Le constat est simple, on a z\u00e9ro point...&quot; regrette Gilli\"\/>1:51OM 5-2 Paris FC : \u00ab\u00a0Le constat est simple, on a z\u00e9ro point&#8230;\u00a0\u00bb regrette Gilli<\/a><a href=\"https:\/\/rmcsport.bfmtv.com\/football\/ligue-1\/video-om-5-2-paris-fc-j2-rabiot-l-espoir-que-j-ai-de-zerbi-conciliant_VN-202508230258.html\" title=\"OM 5-2 Paris FC (J2) : &quot;Rabiot ? L&#039;espoir que j&#039;ai...&quot; De Zerbi conciliant \" rel=\"nofollow noopener\" target=\"_blank\"><img class=\"lozad\"  width=\"16\" height=\"9\" alt=\"OM 5-2 Paris FC (J2) : &quot;Rabiot ? L'espoir que j'ai...&quot; De Zerbi conciliant \"\/>1:47OM 5-2 Paris FC (J2) : \u00ab\u00a0Rabiot ? L&rsquo;espoir que j&rsquo;ai&#8230;\u00a0\u00bb De Zerbi conciliant<\/a><a href=\"https:\/\/rmcsport.bfmtv.com\/football\/ligue-1\/video-om-5-2-paris-fc-avec-un-double-d-aubameyang-marseille-retrouve-la-victoire-les-comms-rmc_VN-202508230244.html\" title=\"OM 5-2 Paris FC : Avec un doubl\u00e9 d&#039;Aubameyang, Marseille retrouve la victoire... les comms&#039; RMC\" rel=\"nofollow noopener\" target=\"_blank\"><img class=\"lozad\"  width=\"16\" height=\"9\" alt=\"OM 5-2 Paris FC : Avec un doubl\u00e9 d'Aubameyang, Marseille retrouve la victoire... les comms' RMC\"\/>7:14OM 5-2 Paris FC : Avec un doubl\u00e9 d&rsquo;Aubameyang, Marseille retrouve la victoire&#8230; les comms&rsquo; RMC<\/a><a href=\"https:\/\/rmcsport.bfmtv.com\/football\/transferts\/video-andy-diouf-ben-seghir-nkunku-les-5-infos-mercato-du-23-aout-a-la-mi-journee_VN-202508230147.html\" title=\"Andy Diouf, Ben Seghir, Nkunku\u2026 Les 5 infos mercato du 23 ao\u00fbt \u00e0 la mi-journ\u00e9e\" rel=\"nofollow noopener\" target=\"_blank\"><img class=\"lozad\"  width=\"16\" height=\"9\" alt=\"Andy Diouf, Ben Seghir, Nkunku\u2026 Les 5 infos mercato du 23 ao\u00fbt \u00e0 la mi-journ\u00e9e\"\/>0:58Andy Diouf, Ben Seghir, Nkunku\u2026 Les 5 infos mercato du 23 ao\u00fbt \u00e0 la mi-journ\u00e9e<\/a><a href=\"https:\/\/rmcsport.bfmtv.com\/replay-emissions\/les-grandes-gueules-du-sport\/video-om-rabiot-sur-le-depart-la-saison-est-plombee-craint-dupraz_VN-202508230124.html\" title=\"OM : Rabiot sur le d\u00e9part, &quot;la saison est plomb\u00e9e&quot; craint Dupraz \" rel=\"nofollow noopener\" target=\"_blank\"><img class=\"lozad\"  width=\"16\" height=\"9\" alt=\"OM : Rabiot sur le d\u00e9part, &quot;la saison est plomb\u00e9e&quot; craint Dupraz \"\/>2:09OM : Rabiot sur le d\u00e9part, \u00ab\u00a0la saison est plomb\u00e9e\u00a0\u00bb craint Dupraz<\/a><a href=\"https:\/\/rmcsport.bfmtv.com\/football\/ligue-1\/video-psg-1-0-angers-l-humain-est-parfait-l-hommage-de-zaire-emery-a-donnarumma_VN-202508230085.html\" title=\"PSG 1-0 Angers : &quot;L&#039;humain est parfait&quot;, l&#039;hommage de Za\u00efre-Emery \u00e0 Donnarumma\" rel=\"nofollow noopener\" target=\"_blank\"><img class=\"lozad\"  width=\"16\" height=\"9\" alt=\"PSG 1-0 Angers : &quot;L'humain est parfait&quot;, l'hommage de Za\u00efre-Emery \u00e0 Donnarumma\"\/>1:44PSG 1-0 Angers : \u00ab\u00a0L&rsquo;humain est parfait\u00a0\u00bb, l&rsquo;hommage de Za\u00efre-Emery \u00e0 Donnarumma<\/a><a href=\"https:\/\/rmcsport.bfmtv.com\/replay-emissions\/after-foot\/video-om-affaire-rabiot-rowe-l-hypothese-de-l-opportunite-l-avis-de-riolo_VN-202508220618.html\" title=\"OM \/ Affaire Rabiot-Rowe : &quot;L&#039;hypoth\u00e8se de l&#039;opportunit\u00e9...&quot; l&#039;avis de Riolo\" rel=\"nofollow noopener\" target=\"_blank\"><img class=\"lozad\"  width=\"16\" height=\"9\" alt=\"OM \/ Affaire Rabiot-Rowe : &quot;L'hypoth\u00e8se de l'opportunit\u00e9...&quot; l'avis de Riolo\"\/>17:33OM \/ Affaire Rabiot-Rowe : \u00ab\u00a0L&rsquo;hypoth\u00e8se de l&rsquo;opportunit\u00e9&#8230;\u00a0\u00bb l&rsquo;avis de Riolo<\/a><a href=\"https:\/\/rmcsport.bfmtv.com\/football\/ligue-1\/video-psg-1-0-angers-le-pire-a-ete-l-etat-de-la-pelouse-le-petit-tacle-de-luis-enrique_VN-202508220614.html\" title=\"PSG 1-0 Angers : &quot;Le pire a \u00e9t\u00e9 l\u2019\u00e9tat de la pelouse\u2026&quot;, le petit tacle de Luis Enrique\" rel=\"nofollow noopener\" target=\"_blank\"><img class=\"lozad\"  width=\"16\" height=\"9\" alt=\"PSG 1-0 Angers : &quot;Le pire a \u00e9t\u00e9 l\u2019\u00e9tat de la pelouse\u2026&quot;, le petit tacle de Luis Enrique\"\/>2:50PSG 1-0 Angers : \u00ab\u00a0Le pire a \u00e9t\u00e9 l\u2019\u00e9tat de la pelouse\u2026\u00a0\u00bb, le petit tacle de Luis Enrique<\/a><a href=\"https:\/\/rmcsport.bfmtv.com\/football\/ligue-1\/video-psg-1-0-angers-j2-c-est-moi-le-boss-luis-enrique-agace-sur-le-choix-du-tireur-de-penalty_VN-202508220615.html\" title=\"PSG 1-0 Angers (J2) : &quot;C&#039;est moi le boss&quot; Luis Enrique agac\u00e9 sur le choix du tireur de penalty\" rel=\"nofollow noopener\" target=\"_blank\"><img class=\"lozad\"  width=\"16\" height=\"9\" alt=\"PSG 1-0 Angers (J2) : &quot;C'est moi le boss&quot; Luis Enrique agac\u00e9 sur le choix du tireur de penalty\"\/>0:59PSG 1-0 Angers (J2) : \u00ab\u00a0C&rsquo;est moi le boss\u00a0\u00bb Luis Enrique agac\u00e9 sur le choix du tireur de penalty<\/a><a href=\"https:\/\/rmcsport.bfmtv.com\/football\/ligue-1\/video-psg-1-0-angers-un-moment-special-pour-donnarumma-reconnait-luis-enrique_VN-202508220611.html\" title=\"PSG 1-0 Angers : &quot;Un moment sp\u00e9cial pour Donnarumma&quot;, reconna\u00eet Luis Enrique\" rel=\"nofollow noopener\" target=\"_blank\"><img class=\"lozad\"  width=\"16\" height=\"9\" alt=\"PSG 1-0 Angers : &quot;Un moment sp\u00e9cial pour Donnarumma&quot;, reconna\u00eet Luis Enrique\"\/>0:51PSG 1-0 Angers : \u00ab\u00a0Un moment sp\u00e9cial pour Donnarumma\u00a0\u00bb, reconna\u00eet Luis Enrique<\/a><a class=\"jumpToVideo\" target=\"_blank\"><img class=\"thumbnailPreview\"\/><\/a><\/p>\n","protected":false},"excerpt":{"rendered":"Nice : \u00ab\u00a0Ce n&rsquo;est pas moi qui donne les bons de sortie\u00a0\u00bb, rappelle Haise Sur le m\u00eame sujet1:19Lyon&hellip;\n","protected":false},"author":2,"featured_media":339523,"comment_status":"","ping_status":"","sticky":false,"template":"","format":"standard","meta":{"footnotes":""},"categories":[2819],"tags":[1111,11,1777,674,1011,27,12,2401,882,25],"class_list":{"0":"post-339522","1":"post","2":"type-post","3":"status-publish","4":"format-standard","5":"has-post-thumbnail","7":"category-nice","8":"tag-actu","9":"tag-actualites","10":"tag-eu","11":"tag-europe","12":"tag-fr","13":"tag-france","14":"tag-news","15":"tag-nice","16":"tag-provence-alpes-cote-dazur","17":"tag-republique-francaise"},"share_on_mastodon":{"url":"https:\/\/pubeurope.com\/@fr\/115080800692861830","error":""},"_links":{"self":[{"href":"https:\/\/www.europesays.com\/fr\/wp-json\/wp\/v2\/posts\/339522","targetHints":{"allow":["GET"]}}],"collection":[{"href":"https:\/\/www.europesays.com\/fr\/wp-json\/wp\/v2\/posts"}],"about":[{"href":"https:\/\/www.europesays.com\/fr\/wp-json\/wp\/v2\/types\/post"}],"author":[{"embeddable":true,"href":"https:\/\/www.europesays.com\/fr\/wp-json\/wp\/v2\/users\/2"}],"replies":[{"embeddable":true,"href":"https:\/\/www.europesays.com\/fr\/wp-json\/wp\/v2\/comments?post=339522"}],"version-history":[{"count":0,"href":"https:\/\/www.europesays.com\/fr\/wp-json\/wp\/v2\/posts\/339522\/revisions"}],"wp:featuredmedia":[{"embeddable":true,"href":"https:\/\/www.europesays.com\/fr\/wp-json\/wp\/v2\/media\/339523"}],"wp:attachment":[{"href":"https:\/\/www.europesays.com\/fr\/wp-json\/wp\/v2\/media?parent=339522"}],"wp:term":[{"taxonomy":"category","embeddable":true,"href":"https:\/\/www.europesays.com\/fr\/wp-json\/wp\/v2\/categories?post=339522"},{"taxonomy":"post_tag","embeddable":true,"href":"https:\/\/www.europesays.com\/fr\/wp-json\/wp\/v2\/tags?post=339522"}],"curies":[{"name":"wp","href":"https:\/\/api.w.org\/{rel}","templated":true}]}}