{"id":339524,"date":"2025-08-24T00:00:10","date_gmt":"2025-08-24T00:00:10","guid":{"rendered":"https:\/\/www.europesays.com\/fr\/339524\/"},"modified":"2025-08-24T00:00:10","modified_gmt":"2025-08-24T00:00:10","slug":"previsions-du-dimanche-24-aout-2025-4","status":"publish","type":"post","link":"https:\/\/www.europesays.com\/fr\/339524\/","title":{"rendered":"pr\u00e9visions du dimanche 24 ao\u00fbt 2025"},"content":{"rendered":"<p>Nantes aura le plaisir de pouvoir profiter d&rsquo;une superbe journ\u00e9e ensoleill\u00e9e. Les valeurs seront comprises entre 15 et 32\u00b0C. Le matin, un vent d&rsquo;est rafra\u00eechira sensiblement l&rsquo;atmosph\u00e8re. Les temp\u00e9ratures vont enregistrer une hausse de plusieurs degr\u00e9s au cours de l&rsquo;apr\u00e8s-midi. L&rsquo;\u00e9pisode d&rsquo;importantes chaleurs est bien l\u00e0, avec des temp\u00e9ratures qui risqueront d&rsquo;aller jusqu&rsquo;\u00e0 32\u00b0C. La ville va p\u00e2tir des fortes chaleurs avec des valeurs qui pourraient monter \u00e0 30\u00b0C le soir. Il va faire 26\u00b0C en moyenne. Durant la nuit de dimanche \u00e0 lundi, le ciel sera limpide.<\/p>\n<p>C&rsquo;est un soleil splendide qui va se montrer demain sur Nantes. L&rsquo;air ambiant va se r\u00e9chauffer avec une augmentation de quelques degr\u00e9s. De tr\u00e8s grosses chaleurs (entre 17\u00b0C et 35\u00b0C) sont pr\u00e9vues. Les temp\u00e9ratures afficheront entre 17 et 35\u00b0C. Un l\u00e9ger vent de sud-est sera ressenti par les habitants. La matin\u00e9e va se trouver tr\u00e8s suffocante : pr\u00e8s de 32\u00b0C. Demain apr\u00e8s-midi, c&rsquo;est une hausse de plusieurs degr\u00e9s que vont conna\u00eetre les temp\u00e9ratures. La ville va conna\u00eetre une vague d&rsquo;importantes chaleurs avec des valeurs qui atteindront parfois les 35\u00b0C. Demain soir, le thermom\u00e8tre affichera 22\u00b0C en moyenne.<\/p>\n<p>Pour les jours \u00e0 venir, la m\u00e9t\u00e9o ne changera pas. Il fera 26\u00b0C en moyenne pour des journ\u00e9es avec un ciel ensoleill\u00e9.<\/p>\n<p>V\u00e9rifiez si votre d\u00e9partement est en vigilance canicule. Dans tous les cas, il est important d&rsquo;appliquer quelques pr\u00e9cautions pour se prot\u00e9ger de la chaleur : buvez beaucoup et \u00e9vitez d&rsquo;aller au soleil durant les heures les plus chaudes.<\/p>\n","protected":false},"excerpt":{"rendered":"Nantes aura le plaisir de pouvoir profiter d&rsquo;une superbe journ\u00e9e ensoleill\u00e9e. Les valeurs seront comprises entre 15 et&hellip;\n","protected":false},"author":2,"featured_media":339525,"comment_status":"","ping_status":"","sticky":false,"template":"","format":"standard","meta":{"footnotes":""},"categories":[2818],"tags":[1111,11,1777,674,1011,27,766,12,2636,2119,25],"class_list":{"0":"post-339524","1":"post","2":"type-post","3":"status-publish","4":"format-standard","5":"has-post-thumbnail","7":"category-nantes","8":"tag-actu","9":"tag-actualites","10":"tag-eu","11":"tag-europe","12":"tag-fr","13":"tag-france","14":"tag-nantes","15":"tag-news","16":"tag-pays-de-la-loire","17":"tag-previsions-meteo","18":"tag-republique-francaise"},"share_on_mastodon":{"url":"","error":""},"_links":{"self":[{"href":"https:\/\/www.europesays.com\/fr\/wp-json\/wp\/v2\/posts\/339524","targetHints":{"allow":["GET"]}}],"collection":[{"href":"https:\/\/www.europesays.com\/fr\/wp-json\/wp\/v2\/posts"}],"about":[{"href":"https:\/\/www.europesays.com\/fr\/wp-json\/wp\/v2\/types\/post"}],"author":[{"embeddable":true,"href":"https:\/\/www.europesays.com\/fr\/wp-json\/wp\/v2\/users\/2"}],"replies":[{"embeddable":true,"href":"https:\/\/www.europesays.com\/fr\/wp-json\/wp\/v2\/comments?post=339524"}],"version-history":[{"count":0,"href":"https:\/\/www.europesays.com\/fr\/wp-json\/wp\/v2\/posts\/339524\/revisions"}],"wp:featuredmedia":[{"embeddable":true,"href":"https:\/\/www.europesays.com\/fr\/wp-json\/wp\/v2\/media\/339525"}],"wp:attachment":[{"href":"https:\/\/www.europesays.com\/fr\/wp-json\/wp\/v2\/media?parent=339524"}],"wp:term":[{"taxonomy":"category","embeddable":true,"href":"https:\/\/www.europesays.com\/fr\/wp-json\/wp\/v2\/categories?post=339524"},{"taxonomy":"post_tag","embeddable":true,"href":"https:\/\/www.europesays.com\/fr\/wp-json\/wp\/v2\/tags?post=339524"}],"curies":[{"name":"wp","href":"https:\/\/api.w.org\/{rel}","templated":true}]}}