{"id":339527,"date":"2025-08-24T00:02:11","date_gmt":"2025-08-24T00:02:11","guid":{"rendered":"https:\/\/www.europesays.com\/fr\/339527\/"},"modified":"2025-08-24T00:02:11","modified_gmt":"2025-08-24T00:02:11","slug":"previsions-du-dimanche-24-aout-2025-5","status":"publish","type":"post","link":"https:\/\/www.europesays.com\/fr\/339527\/","title":{"rendered":"pr\u00e9visions du dimanche 24 ao\u00fbt 2025"},"content":{"rendered":"<p>Bordeaux va conna\u00eetre une belle journ\u00e9e particuli\u00e8rement ensoleill\u00e9e. Les valeurs seront de 15\u00b0C au minimum et de 35\u00b0C au plus haut. La matin\u00e9e va se trouver vraiment suffocante : jusqu&rsquo;\u00e0 32\u00b0C. Un l\u00e9ger vent d&rsquo;est soufflera. L&rsquo;apr\u00e8s-midi, c&rsquo;est une hausse de plusieurs degr\u00e9s que vont enregistrer les temp\u00e9ratures. Ces valeurs \u00e9volueront entre 34 et 35\u2009\u00b0C. Les importantes chaleurs sont install\u00e9es. Avec des valeurs situ\u00e9es entre 23 et 30\u00b0C. Le ciel sera clair dans la nuit de dimanche \u00e0 lundi.<\/p>\n<p>Demain, un grand soleil rayonnera sur Bordeaux. Un temps plus chaud est pr\u00e9vu puisque le mercure va conna\u00eetre une augmentation. La ville va conna\u00eetre un passage de grosses chaleurs avec des temp\u00e9ratures qui rejoindront parfois les 35\u00b0C. Les valeurs afficheront entre 19 et 35\u00b0C. La ville va souffrir des fortes chaleurs avec des temp\u00e9ratures qui devraient grimper \u00e0 33\u00b0C le matin. Une l\u00e9g\u00e8re brise de sud-est sera ressentie par les habitants. Les temp\u00e9ratures vont monter pendant l&rsquo;apr\u00e8s-midi de plusieurs degr\u00e9s. De tr\u00e8s importantes chaleurs (entre 31\u00b0C et 35\u00b0C) sont annonc\u00e9es. Demain soir, un vent d&rsquo;ouest rafra\u00eechira quelque peu l&rsquo;atmosph\u00e8re.<\/p>\n<p>Les conditions m\u00e9t\u00e9orologiques des jours qui suivent vont \u00e9voluer peu \u00e0 peu. Apr\u00e8s des conditions m\u00e9t\u00e9orologiques stables mardi, la situation changera mercredi.<\/p>\n<p>Il est indispensable de veiller \u00e0 s&rsquo;hydrater correctement en p\u00e9riode de fortes chaleurs. Prenez soin de proposer \u00e0 boire aux jeunes enfants et aux personnes \u00e2g\u00e9es. Un brumisateur sera aussi votre alli\u00e9 au cours de ces fortes chaleurs !<\/p>\n","protected":false},"excerpt":{"rendered":"Bordeaux va conna\u00eetre une belle journ\u00e9e particuli\u00e8rement ensoleill\u00e9e. Les valeurs seront de 15\u00b0C au minimum et de 35\u00b0C&hellip;\n","protected":false},"author":2,"featured_media":339528,"comment_status":"","ping_status":"","sticky":false,"template":"","format":"standard","meta":{"footnotes":""},"categories":[2817],"tags":[1111,11,3177,1997,1777,674,1011,27,2905,12,2219,2119,25],"class_list":{"0":"post-339527","1":"post","2":"type-post","3":"status-publish","4":"format-standard","5":"has-post-thumbnail","7":"category-bordeaux","8":"tag-actu","9":"tag-actualites","10":"tag-aquitaine","11":"tag-bordeaux","12":"tag-eu","13":"tag-europe","14":"tag-fr","15":"tag-france","16":"tag-gironde","17":"tag-news","18":"tag-nouvelle-aquitaine","19":"tag-previsions-meteo","20":"tag-republique-francaise"},"share_on_mastodon":{"url":"https:\/\/pubeurope.com\/@fr\/115080812536478370","error":""},"_links":{"self":[{"href":"https:\/\/www.europesays.com\/fr\/wp-json\/wp\/v2\/posts\/339527","targetHints":{"allow":["GET"]}}],"collection":[{"href":"https:\/\/www.europesays.com\/fr\/wp-json\/wp\/v2\/posts"}],"about":[{"href":"https:\/\/www.europesays.com\/fr\/wp-json\/wp\/v2\/types\/post"}],"author":[{"embeddable":true,"href":"https:\/\/www.europesays.com\/fr\/wp-json\/wp\/v2\/users\/2"}],"replies":[{"embeddable":true,"href":"https:\/\/www.europesays.com\/fr\/wp-json\/wp\/v2\/comments?post=339527"}],"version-history":[{"count":0,"href":"https:\/\/www.europesays.com\/fr\/wp-json\/wp\/v2\/posts\/339527\/revisions"}],"wp:featuredmedia":[{"embeddable":true,"href":"https:\/\/www.europesays.com\/fr\/wp-json\/wp\/v2\/media\/339528"}],"wp:attachment":[{"href":"https:\/\/www.europesays.com\/fr\/wp-json\/wp\/v2\/media?parent=339527"}],"wp:term":[{"taxonomy":"category","embeddable":true,"href":"https:\/\/www.europesays.com\/fr\/wp-json\/wp\/v2\/categories?post=339527"},{"taxonomy":"post_tag","embeddable":true,"href":"https:\/\/www.europesays.com\/fr\/wp-json\/wp\/v2\/tags?post=339527"}],"curies":[{"name":"wp","href":"https:\/\/api.w.org\/{rel}","templated":true}]}}