{"id":339539,"date":"2025-08-24T00:08:11","date_gmt":"2025-08-24T00:08:11","guid":{"rendered":"https:\/\/www.europesays.com\/fr\/339539\/"},"modified":"2025-08-24T00:08:11","modified_gmt":"2025-08-24T00:08:11","slug":"previsions-du-dimanche-24-aout-2025-7","status":"publish","type":"post","link":"https:\/\/www.europesays.com\/fr\/339539\/","title":{"rendered":"pr\u00e9visions du dimanche 24 ao\u00fbt 2025"},"content":{"rendered":"<p>Aujourd&rsquo;hui, un grand soleil brillera sur Marseille. Les valeurs seront de 21\u00b0C au minimum et de 27\u00b0C au plus haut. Un vent de sud-ouest soufflera l\u00e9g\u00e8rement. Les temp\u00e9ratures avoisineront les 24\u00b0C au cours de la matin\u00e9e. Les valeurs seront comprises entre 25 et 27\u00b0C durant l&rsquo;apr\u00e8s-midi. Il fera 23\u00b0C en moyenne le soir. Une nuit claire vous attendra entre dimanche et lundi.<\/p>\n<p>Un bel ensoleillement est pr\u00e9vu demain \u00e0 Marseille. Il va faire en moyenne 24\u00b0C. Le matin, on pr\u00e9voit des temp\u00e9ratures d&rsquo;environ 24\u00b0C. Une petite brise de sud-est sera ressentie par les habitants. Les valeurs iront de 24 \u00e0 25\u00b0C sur l&rsquo;ensemble de l&rsquo;apr\u00e8s-midi. Dans la soir\u00e9e, les temp\u00e9ratures avoisineront les 23\u00b0C. Un vent de sud-est rafra\u00eechira sensiblement l&rsquo;atmosph\u00e8re.<\/p>\n<p>Les jours s&rsquo;encha\u00eenent et se ressemblent. On s&rsquo;attend \u00e0 des journ\u00e9es ensoleill\u00e9es, accompagn\u00e9es par des temp\u00e9ratures dans les 27\u00b0C en moyenne.<\/p>\n<p><\/p>\n","protected":false},"excerpt":{"rendered":"Aujourd&rsquo;hui, un grand soleil brillera sur Marseille. Les valeurs seront de 21\u00b0C au minimum et de 27\u00b0C au&hellip;\n","protected":false},"author":2,"featured_media":339540,"comment_status":"","ping_status":"","sticky":false,"template":"","format":"standard","meta":{"footnotes":""},"categories":[2814],"tags":[1111,11,885,1777,674,1011,27,884,12,883,2119,882,25],"class_list":{"0":"post-339539","1":"post","2":"type-post","3":"status-publish","4":"format-standard","5":"has-post-thumbnail","7":"category-marseille","8":"tag-actu","9":"tag-actualites","10":"tag-bouches-du-rhone","11":"tag-eu","12":"tag-europe","13":"tag-fr","14":"tag-france","15":"tag-marseille","16":"tag-news","17":"tag-paca","18":"tag-previsions-meteo","19":"tag-provence-alpes-cote-dazur","20":"tag-republique-francaise"},"share_on_mastodon":{"url":"https:\/\/pubeurope.com\/@fr\/115080836193641726","error":""},"_links":{"self":[{"href":"https:\/\/www.europesays.com\/fr\/wp-json\/wp\/v2\/posts\/339539","targetHints":{"allow":["GET"]}}],"collection":[{"href":"https:\/\/www.europesays.com\/fr\/wp-json\/wp\/v2\/posts"}],"about":[{"href":"https:\/\/www.europesays.com\/fr\/wp-json\/wp\/v2\/types\/post"}],"author":[{"embeddable":true,"href":"https:\/\/www.europesays.com\/fr\/wp-json\/wp\/v2\/users\/2"}],"replies":[{"embeddable":true,"href":"https:\/\/www.europesays.com\/fr\/wp-json\/wp\/v2\/comments?post=339539"}],"version-history":[{"count":0,"href":"https:\/\/www.europesays.com\/fr\/wp-json\/wp\/v2\/posts\/339539\/revisions"}],"wp:featuredmedia":[{"embeddable":true,"href":"https:\/\/www.europesays.com\/fr\/wp-json\/wp\/v2\/media\/339540"}],"wp:attachment":[{"href":"https:\/\/www.europesays.com\/fr\/wp-json\/wp\/v2\/media?parent=339539"}],"wp:term":[{"taxonomy":"category","embeddable":true,"href":"https:\/\/www.europesays.com\/fr\/wp-json\/wp\/v2\/categories?post=339539"},{"taxonomy":"post_tag","embeddable":true,"href":"https:\/\/www.europesays.com\/fr\/wp-json\/wp\/v2\/tags?post=339539"}],"curies":[{"name":"wp","href":"https:\/\/api.w.org\/{rel}","templated":true}]}}