{"id":339541,"date":"2025-08-24T00:09:18","date_gmt":"2025-08-24T00:09:18","guid":{"rendered":"https:\/\/www.europesays.com\/fr\/339541\/"},"modified":"2025-08-24T00:09:18","modified_gmt":"2025-08-24T00:09:18","slug":"marseille-peut-dire-merci-a-aubameyang-et-ses-minots","status":"publish","type":"post","link":"https:\/\/www.europesays.com\/fr\/339541\/","title":{"rendered":"Marseille peut dire merci \u00e0 Aubameyang et ses minots"},"content":{"rendered":"<p><strong>Marseille\u00a0&#8211; Paris FC\u00a0: 5-2<\/strong><\/p>\n<p>La crise est arriv\u00e9e \u00e0 Marseille avant m\u00eame l\u2019automne. Le championnat a repris depuis huit jours, et l\u2019OM est en plein dedans, apr\u00e8s une semaine \u00e0 parler de bagarre plus que de football, et \u00e0 se demander s\u2019il y a un avenir sans Adrien Rabiot. Mais quand le Paris FC, promu pas tout \u00e0 fait aussi effrayant que l\u2019autre club de la capitale, est revenu \u00e0 2-2, les 65.000 spectateurs pr\u00e9sents au V\u00e9lodrome ont d\u00fb se dire que le cauchemar \u00e9tait tout de m\u00eame un peu brutal.<\/p>\n<p>Finalement, le sens du but d\u2019Aubameyang et les entr\u00e9es pleines d\u2019ardeur et d\u2019assurance des jeunes Bilal Nadir (22\u00a0ans), Robinio Vaz (19\u00a0ans) et Darryl Bakola (18\u00a0ans) ont offert \u00e0 l\u2019OM la victoire et une semaine de calme (relatif, sans doute) avant un difficile d\u00e9placement \u00e0 Lyon dimanche prochain. Apr\u00e8s le tumulte que l\u2019OM vient de traverser, c\u2019est d\u00e9j\u00e0 \u00e7a.<\/p>\n<p>Dans ce contexte, la r\u00e9action du V\u00e9lodrome \u00e9tait \u00e9galement guett\u00e9e et elle a \u00e9t\u00e9 positive. Les noms des joueurs ont \u00e9t\u00e9 scand\u00e9s par des virages d\u00e9cha\u00een\u00e9s, celui de l\u2019entra\u00eeneur aussi. Maxime Lopez, Marseillais form\u00e9 \u00e0 l\u2019OM et de retour sous un maillot parisien, a lui aussi eu le droit \u00e0 son ovation.<\/p>\n<p>Sur un fil<\/p>\n<p>Dans un premier temps, la rencontre a sembl\u00e9 aller dans le sens d\u2019un OM pas forc\u00e9ment si traumatis\u00e9. D\u00e8s la 13e minute, Aubameyang avait ainsi trouv\u00e9 le poteau apr\u00e8s une superbe ouverture de CJ Egan-Riley. Et cinq minutes plus tard, le Gabonais a obtenu un penalty, transform\u00e9 par Mason Greenwood (1-0, 18e). On reprend les m\u00eames, et on recommence\u00a0: \u00e0 la 25e minute, Aubameyang double la mise, en marquant d\u2019une belle vol\u00e9e en d\u00e9s\u00e9quilibre sur un corner frapp\u00e9 par Greenwood (2-0).<\/p>\n<p>Mais ces deux buts ne pouvaient pas cacher tout le reste\u00a0: une certaine lenteur d\u2019ex\u00e9cution, pas mal d\u2019h\u00e9sitations au milieu de terrain, un flanc gauche sinistr\u00e9 et surtout une fragilit\u00e9 d\u00e9fensive qui a rappel\u00e9 des souvenirs tr\u00e8s nets de la saison derni\u00e8re. L\u2019OM menait, certes, mais le Paris FC avait \u00e9t\u00e9 dangereux, avec notamment une t\u00eate de Willem Geubbels sur l\u2019ext\u00e9rieur du poteau (5e), un but annul\u00e9 au m\u00eame Geubbels pour un hors-jeu de peu de chose (39e), ou une belle frappe de Vincent Marchetti, de tr\u00e8s peu \u00e0 c\u00f4t\u00e9 (19e). Surtout, Ilan Kebbal, natif de Marseille, ramenait Paris \u00e0 2-1 avec une frappe superbe (28e).<\/p>\n<p>Place aux jeunes<\/p>\n<p>Peu apr\u00e8s la reprise, Moses Simon a glac\u00e9 le V\u00e9lodrome en profitant d\u2019une belle passe du m\u00eame Kebbal, pas attaqu\u00e9, et d\u2019un alignement encore d\u00e9ficient de Leonardo Balerdi (58e, 2-2). Il y a alors eu quelques frissons, quelques sifflets, puis de plus en plus, jusqu\u2019\u00e0 ce qu\u2019Aubameyang ne sauve l\u2019affaire\u00a0: sur une mauvaise relance parisienne, l\u2019attaquant marseillais a profit\u00e9 d\u2019un bon pressing de l\u2019entrant Nadir pour marquer (3-2, 73e). L&rsquo;ancien de Barcelone et d\u2019Arsenal est ensuite sorti sous une ovation debout du V\u00e9lodrome, qui sait ce qu\u2019il lui doit, et ce sont les jeunes qui sont entr\u00e9s en sc\u00e8ne.<\/p>\n<p>Une nouvelle bonne action de Nadir a permis \u00e0 Pierre-Emile Hojbjerg, qui avait beaucoup rat\u00e9 jusque-l\u00e0, de marquer le but du 4-2 d&rsquo;une frappe parfaite (81e). Trois minutes plus tard, Greenwood a manqu\u00e9 un penalty obtenu par Robinio Vaz, qui s\u2019est consol\u00e9 avec le but du 5-2 (90+\u00a06e), f\u00eat\u00e9 avec ses jeunes copains.<\/p>\n<p>Avant Lyon, rien n\u2019est parfait, rien n\u2019est r\u00e9gl\u00e9. Mais l\u2019OM a trois points et, au moins, une attaque au point. Du c\u00f4t\u00e9 du Paris FC, les d\u00e9buts en Ligue 1 sont difficiles. Le promu encaisse une deuxi\u00e8me d\u00e9faite d\u2019affil\u00e9e, apr\u00e8s celle <a target=\"_self\" href=\"https:\/\/www.lanouvellerepublique.fr\/sports\/ligue-1-des-debuts-encourageants-mais-perdants-pour-le-paris-fc-a-angers-1755454667\" rel=\"nofollow noopener\">contre Angers la semaine derni\u00e8re<\/a>, et est rel\u00e9gable.<\/p>\n<p><strong>Mi-temps\u00a0:<\/strong> 2-1<\/p>\n<p><strong>Buts\u00a0:<\/strong> pour Marseille, Aubameyang (24e, 73e), Greenwood (18e), H\u00f6bjerg (81e), Vaz (90+\u00a03e)\u00a0; pour le Paris FC, Kebbal (28e), Simon (58e).<\/p>\n","protected":false},"excerpt":{"rendered":"Marseille\u00a0&#8211; Paris FC\u00a0: 5-2 La crise est arriv\u00e9e \u00e0 Marseille avant m\u00eame l\u2019automne. Le championnat a repris depuis&hellip;\n","protected":false},"author":2,"featured_media":339542,"comment_status":"","ping_status":"","sticky":false,"template":"","format":"standard","meta":{"footnotes":""},"categories":[2814],"tags":[1111,11,1777,674,63,1011,27,66,884,12,882,25,60],"class_list":{"0":"post-339541","1":"post","2":"type-post","3":"status-publish","4":"format-standard","5":"has-post-thumbnail","7":"category-marseille","8":"tag-actu","9":"tag-actualites","10":"tag-eu","11":"tag-europe","12":"tag-football","13":"tag-fr","14":"tag-france","15":"tag-ligue-1","16":"tag-marseille","17":"tag-news","18":"tag-provence-alpes-cote-dazur","19":"tag-republique-francaise","20":"tag-sports"},"share_on_mastodon":{"url":"https:\/\/pubeurope.com\/@fr\/115080840165273822","error":""},"_links":{"self":[{"href":"https:\/\/www.europesays.com\/fr\/wp-json\/wp\/v2\/posts\/339541","targetHints":{"allow":["GET"]}}],"collection":[{"href":"https:\/\/www.europesays.com\/fr\/wp-json\/wp\/v2\/posts"}],"about":[{"href":"https:\/\/www.europesays.com\/fr\/wp-json\/wp\/v2\/types\/post"}],"author":[{"embeddable":true,"href":"https:\/\/www.europesays.com\/fr\/wp-json\/wp\/v2\/users\/2"}],"replies":[{"embeddable":true,"href":"https:\/\/www.europesays.com\/fr\/wp-json\/wp\/v2\/comments?post=339541"}],"version-history":[{"count":0,"href":"https:\/\/www.europesays.com\/fr\/wp-json\/wp\/v2\/posts\/339541\/revisions"}],"wp:featuredmedia":[{"embeddable":true,"href":"https:\/\/www.europesays.com\/fr\/wp-json\/wp\/v2\/media\/339542"}],"wp:attachment":[{"href":"https:\/\/www.europesays.com\/fr\/wp-json\/wp\/v2\/media?parent=339541"}],"wp:term":[{"taxonomy":"category","embeddable":true,"href":"https:\/\/www.europesays.com\/fr\/wp-json\/wp\/v2\/categories?post=339541"},{"taxonomy":"post_tag","embeddable":true,"href":"https:\/\/www.europesays.com\/fr\/wp-json\/wp\/v2\/tags?post=339541"}],"curies":[{"name":"wp","href":"https:\/\/api.w.org\/{rel}","templated":true}]}}