{"id":339543,"date":"2025-08-24T00:10:16","date_gmt":"2025-08-24T00:10:16","guid":{"rendered":"https:\/\/www.europesays.com\/fr\/339543\/"},"modified":"2025-08-24T00:10:16","modified_gmt":"2025-08-24T00:10:16","slug":"a-villeurbanne-une-canalisation-percee-prive-plusieurs-habitations-deau","status":"publish","type":"post","link":"https:\/\/www.europesays.com\/fr\/339543\/","title":{"rendered":"\u00c0 Villeurbanne, une canalisation perc\u00e9e prive plusieurs habitations d\u2019eau"},"content":{"rendered":"<p>                            <img loading=\"lazy\" width=\"1024\" height=\"640\" class=\"attachment-article size-article wp-post-image lazyload\" alt=\"\" decoding=\"async\" src=\"https:\/\/www.europesays.com\/fr\/wp-content\/uploads\/2025\/08\/illustrpompiers-e1680278862465.jpg\" data-eio-rwidth=\"1024\" data-eio-rheight=\"640\"\/><\/p>\n<p>Photo d\u2019illustration (Photo by PHILIPPE MERLE \/ AFP)<\/p>\n<p class=\"content\" style=\"font-size:1.2em;font-weight:700\">Aux alentours de 8 heures, vendredi 22 ao\u00fbt, une canalisation a \u00e9t\u00e9 perc\u00e9e \u00e0 proximit\u00e9 de la place des Maisons Neuves, \u00e0 Villeurbanne, privant plusieurs habitations d\u2019eau durant plusieurs heures.<\/p>\n<p>Alors que les travaux concernant le BHNS se poursuivent entre Lyon et Villeurbanne, une canalisation situ\u00e9e \u00e0 proximit\u00e9 de la place des Maisons Neuves, \u00e0 l&rsquo;Est de Lyon, a \u00e9t\u00e9 perc\u00e9e vendredi 22 ao\u00fbt aux alentours de 8 heures, rapportent nos confr\u00e8res du <a href=\"https:\/\/www.leprogres.fr\/faits-divers-justice\/2025\/08\/22\/canalisation-percee-place-inondee-les-habitants-des-maisons-neuves-a-villeurbanne-prives-d-eau-ce-vendredi-matin\" target=\"_blank\" rel=\"noreferrer noopener nofollow\">Progr\u00e8s<\/a>. La canalisation aurait \u00e9t\u00e9 endommag\u00e9e par une foreuse, provoquant une importante inondation. <\/p>\n<p>Environ 500 personnes ont \u00e9t\u00e9 priv\u00e9es d\u2019eau durant l\u2019intervention des techniciens de la r\u00e9gie Eau publique du Grand Lyon. La M\u00e9tropole de Lyon pr\u00e9cise \u00e9galement que la r\u00e9gie doit d\u00e9sormais \u00ab\u00a0enclencher la r\u00e9paration de la canalisation d\u2019eau qui a \u00e9t\u00e9 endommag\u00e9e.\u00a0\u00bb Une distribution de bouteilles d\u2019eau a eu lieu hier pour pallier le manque.<\/p>\n","protected":false},"excerpt":{"rendered":"Photo d\u2019illustration (Photo by PHILIPPE MERLE \/ AFP) Aux alentours de 8 heures, vendredi 22 ao\u00fbt, une canalisation&hellip;\n","protected":false},"author":2,"featured_media":339544,"comment_status":"","ping_status":"","sticky":false,"template":"","format":"standard","meta":{"footnotes":""},"categories":[1889],"tags":[1111,11,2430,1777,674,1011,27,2428,12,25],"class_list":{"0":"post-339543","1":"post","2":"type-post","3":"status-publish","4":"format-standard","5":"has-post-thumbnail","7":"category-lyon","8":"tag-actu","9":"tag-actualites","10":"tag-auvergne-rhone-alpes","11":"tag-eu","12":"tag-europe","13":"tag-fr","14":"tag-france","15":"tag-lyon","16":"tag-news","17":"tag-republique-francaise"},"share_on_mastodon":{"url":"https:\/\/pubeurope.com\/@fr\/115080844702350553","error":""},"_links":{"self":[{"href":"https:\/\/www.europesays.com\/fr\/wp-json\/wp\/v2\/posts\/339543","targetHints":{"allow":["GET"]}}],"collection":[{"href":"https:\/\/www.europesays.com\/fr\/wp-json\/wp\/v2\/posts"}],"about":[{"href":"https:\/\/www.europesays.com\/fr\/wp-json\/wp\/v2\/types\/post"}],"author":[{"embeddable":true,"href":"https:\/\/www.europesays.com\/fr\/wp-json\/wp\/v2\/users\/2"}],"replies":[{"embeddable":true,"href":"https:\/\/www.europesays.com\/fr\/wp-json\/wp\/v2\/comments?post=339543"}],"version-history":[{"count":0,"href":"https:\/\/www.europesays.com\/fr\/wp-json\/wp\/v2\/posts\/339543\/revisions"}],"wp:featuredmedia":[{"embeddable":true,"href":"https:\/\/www.europesays.com\/fr\/wp-json\/wp\/v2\/media\/339544"}],"wp:attachment":[{"href":"https:\/\/www.europesays.com\/fr\/wp-json\/wp\/v2\/media?parent=339543"}],"wp:term":[{"taxonomy":"category","embeddable":true,"href":"https:\/\/www.europesays.com\/fr\/wp-json\/wp\/v2\/categories?post=339543"},{"taxonomy":"post_tag","embeddable":true,"href":"https:\/\/www.europesays.com\/fr\/wp-json\/wp\/v2\/tags?post=339543"}],"curies":[{"name":"wp","href":"https:\/\/api.w.org\/{rel}","templated":true}]}}