{"id":339551,"date":"2025-08-24T00:16:25","date_gmt":"2025-08-24T00:16:25","guid":{"rendered":"https:\/\/www.europesays.com\/fr\/339551\/"},"modified":"2025-08-24T00:16:25","modified_gmt":"2025-08-24T00:16:25","slug":"maire-contre-adjoint-vers-une-bataille-fratricide-des-socialistes-a-pantin","status":"publish","type":"post","link":"https:\/\/www.europesays.com\/fr\/339551\/","title":{"rendered":"maire contre adjoint, vers une bataille fratricide des socialistes \u00e0 Pantin\u00a0?"},"content":{"rendered":"<p>            Par<br \/>\n        <strong><br \/>\n            <a href=\"https:\/\/actu.fr\/auteur\/dorinegoth\" title=\"Consulter tous les articles de Dorine Goth\" rel=\"nofollow noopener\" target=\"_blank\">Dorine Goth<\/a><br \/>\n        <\/strong><\/p>\n<p>        Publi\u00e9 le<\/p>\n<p>            23 ao\u00fbt 2025 \u00e0 7h46        <\/p>\n<p>Les roses du PS ne manquent pas d\u2019\u00e9pines. Une semaine apr\u00e8s la cl\u00f4ture des candidatures pour la primaire socialiste \u00e0 Pantin (Seine-Saint-Denis) en vue des <strong><a href=\"https:\/\/actu.fr\/tag\/municipales-2026\" rel=\"nofollow noopener\" target=\"_blank\">\u00e9lections municipales 2026<\/a><\/strong>, l\u2019\u00e9tat des lieux est hasardeux. D\u2019un c\u00f4t\u00e9, une seule candidature a officiellement \u00e9t\u00e9 d\u00e9pos\u00e9e\u2009: celle de <strong>Mathieu Monot<\/strong>, premier secr\u00e9taire f\u00e9d\u00e9ral du <a href=\"https:\/\/actu.fr\/tag\/parti-socialiste-ps\" rel=\"nofollow noopener\" target=\"_blank\">parti socialiste<\/a> en Seine-Saint-Denis et actuel premier adjoint. De l\u2019autre, en chien de fa\u00efence, <strong>Bertrand Kern,<\/strong> maire sortant et <a href=\"https:\/\/actu.fr\/ile-de-france\/pantin_93055\/municipales-2026-bertrand-kern-veut-terminer-ses-projets-et-vise-un-cinquieme-mandat-a-pantin_62860468.html\" rel=\"nofollow noopener\" target=\"_blank\">candidat surprise pour un cinqui\u00e8me mandat<\/a>. Pour l\u2019heure, aucun des deux ne semble pr\u00eat \u00e0 renoncer \u00e0 la bataille politique. Sauf qu\u2019\u00e0 l\u2019issue de la primaire qui se d\u00e9roulera les 4 et 5 septembre, seul Mathieu Monot est susceptible de recevoir le soutien du parti.<\/p>\n<p>Une seule candidature \u00e0 la primaire<\/p>\n<p class=\" wall-content\">En juillet 2025, l\u2019\u00e9dile annon\u00e7ait briguer un cinqui\u00e8me mandat \u00e0 la surprise g\u00e9n\u00e9rale. Cinq ans plus t\u00f4t, lors de la derni\u00e8re \u00e9lection municipale, l\u2019homme de 63 ans promettait pourtant que ce quatri\u00e8me mandat en cours serait \u00ab\u00a0le dernier\u00a0\u00bb. Sauf que l\u2019heure de la <a href=\"https:\/\/actu.fr\/tag\/retraite\" rel=\"nofollow noopener\" target=\"_blank\">retraite<\/a> venue, celui qui est \u00e0 la t\u00eate de la ville depuis le d\u00e9but des ann\u00e9es 2000 ne semble plus prompt \u00e0 raccrocher. \u00ab\u2009Je souhaite terminer ce beau projet de transformation urbaine mais aussi et surtout veiller \u00e0 ce qu\u2019il ne se fasse pas au d\u00e9triment de l\u2019ADN populaire de notre ville\u2009\u00bb, justifiait-il.<\/p>\n<p class=\" wall-content\">Mais dans les coulisses, son premier adjoint, Mathieu Monot, se pr\u00e9parait d\u00e9j\u00e0 \u00e0 lui succ\u00e9der. \u00ab\u2009Face \u00e0 la candidature solitaire de notre camarade maire sortant, annonc\u00e9e par voie de presse en contradiction avec ses engagements, sans consultation des militants socialistes ni dialogue avec nos partenaires de gauche, nous avons agi pour faire respecter nos statuts et notre cadre collectif\u2009\u00bb, justifie la section locale, soutenue par le bureau national.<\/p>\n<p>Pas d\u2019investiture socialiste pour Bertrand Kern<\/p>\n<p class=\" wall-content\">Les candidats avaient du<strong> 16\u00a0juillet au 15\u00a0ao\u00fbt pour se faire conna\u00eetre<\/strong>. \u00ab\u2009Nous esp\u00e9rons vivement que le maire sortant Bertrand Kern participera, comme il l\u2019a toujours fait, \u00e0 cet exercice d\u00e9mocratique et soumettra sa candidature au vote des militants socialistes de Pantin\u2009\u00bb, appelait-elle dans un communiqu\u00e9 le 25\u00a0juillet 2025.<\/p>\n<p class=\" wall-content\">La r\u00e9ponse est donc officiellement non. Du c\u00f4t\u00e9 des militants, on plaide pour un <strong>retrait de sa candidature<\/strong>. \u00ab\u2009Je n\u2019imagine pas qu\u2019il puisse \u00eatre candidat contre le PS, cela serait terrible \u00e0 l\u2019\u00e9gard de toutes celles et ceux et notamment les militants du parti socialistes de Pantin, qui l\u2019ont toujours soutenu et accompagn\u00e9, et de ce parti qui lui a tout donn\u00e9\u2009\u00bb, d\u00e9plore Leila Slimane aupr\u00e8s d\u2019actu Paris.\u00a0Contact\u00e9, Bertrand Kern n\u2019a pas donn\u00e9 suite \u00e0 nos sollicitations.<\/p>\n<p>La gauche fragilis\u00e9e<\/p>\n<p class=\" wall-content\">Le sc\u00e9nario, s\u2019il se concr\u00e9tise, ne serait pas sans rappeler celui qui a conduit \u00e0 la d\u00e9faite de la gauche dans la ville voisine d\u2019Aubervilliers en 2020. <a href=\"https:\/\/actu.fr\/ile-de-france\/aubervilliers_93001\/c-est-un-choc-a-aubervilliers-le-retrait-de-la-maire-pour-sa-sante-mentale-secoue-elus-et-habitants_62290087.html\" rel=\"nofollow noopener\" target=\"_blank\">Karine Franclet<\/a> (UDI) avait <a href=\"https:\/\/actu.fr\/ile-de-france\/aubervilliers_93001\/municipales-2020-a-aubervilliers-karine-franclet-udi-a-ete-elue-maire-au-second-tour_34563008.html\" rel=\"nofollow noopener\" target=\"_blank\">rafl\u00e9 ce bastion rouge<\/a> alors que communistes, socialistes et \u00e9cologistes \u00e9taient partis en ordre (tr\u00e8s) dispers\u00e9.<\/p>\n<p class=\" wall-content\">\u00c0 Pantin, Geoffrey Carvalhinho (LR), conseiller municipal d\u2019opposition et perp\u00e9tuel opposant, observe \u00e0 bonne distance la bataille interne qui se dessine. \u00ab\u00a0Je n\u2019ai pas de commentaire particulier, \u00e0 part leur demander de se concentrer sur la rentr\u00e9e des enfants pantinois et sur le soutien aux familles, notamment en mati\u00e8re de pouvoir d\u2019achat\u00a0\u00bb, a-t-il r\u00e9agi aupr\u00e8s d\u2019actu Paris\u00a0avant d\u2019ajouter\u2009: \u00ab\u00a0Pour ma part, je suis pleinement mobilis\u00e9 afin de proposer et d\u2019apporter des solutions concr\u00e8tes aux Pantinois, en tant qu\u2019\u00e9lu communal et conseiller r\u00e9gional, avant un temps d\u00e9mocratique qui sera majeur.\u00a0\u00bb Pour la premi\u00e8re fois depuis 2008 -Bertrand Kern a toujours \u00e9t\u00e9 r\u00e9\u00e9lu d\u00e8s le premier tour-, les \u00e9lections municipales pourraient \u00eatre empruntes de suspens.\u00a0<\/p>\n<p class=\" wall-content\">Personnalisez votre actualit\u00e9 en ajoutant vos villes et m\u00e9dias en favori avec <a href=\"https:\/\/moncompte.actu.fr\" title=\"D\u00e9couvez Mon Actu\" rel=\"nofollow noopener\" data-trk=\"{&quot;cta&quot;:{&quot;action&quot;:&quot;https:\\\/\\\/moncompte.actu.fr&quot;,&quot;category&quot;:&quot;mon compte&quot;,&quot;from&quot;:&quot;article footer&quot;,&quot;name&quot;:&quot;Mon actu&quot;,&quot;type&quot;:&quot;cta&quot;}}\" target=\"_blank\">Mon Actu<\/a>.<\/p>\n","protected":false},"excerpt":{"rendered":"Par Dorine Goth Publi\u00e9 le 23 ao\u00fbt 2025 \u00e0 7h46 Les roses du PS ne manquent pas d\u2019\u00e9pines.&hellip;\n","protected":false},"author":2,"featured_media":339552,"comment_status":"","ping_status":"","sticky":false,"template":"","format":"standard","meta":{"footnotes":""},"categories":[1888],"tags":[11,4188,1777,674,1011,27,3434,12,626,4484,316,25],"class_list":{"0":"post-339551","1":"post","2":"type-post","3":"status-publish","4":"format-standard","5":"has-post-thumbnail","7":"category-paris","8":"tag-actualites","9":"tag-elections-municipales","10":"tag-eu","11":"tag-europe","12":"tag-fr","13":"tag-france","14":"tag-municipales-2026","15":"tag-news","16":"tag-paris","17":"tag-parti-socialiste-ps","18":"tag-politique","19":"tag-republique-francaise"},"share_on_mastodon":{"url":"https:\/\/pubeurope.com\/@fr\/115080867839157093","error":""},"_links":{"self":[{"href":"https:\/\/www.europesays.com\/fr\/wp-json\/wp\/v2\/posts\/339551","targetHints":{"allow":["GET"]}}],"collection":[{"href":"https:\/\/www.europesays.com\/fr\/wp-json\/wp\/v2\/posts"}],"about":[{"href":"https:\/\/www.europesays.com\/fr\/wp-json\/wp\/v2\/types\/post"}],"author":[{"embeddable":true,"href":"https:\/\/www.europesays.com\/fr\/wp-json\/wp\/v2\/users\/2"}],"replies":[{"embeddable":true,"href":"https:\/\/www.europesays.com\/fr\/wp-json\/wp\/v2\/comments?post=339551"}],"version-history":[{"count":0,"href":"https:\/\/www.europesays.com\/fr\/wp-json\/wp\/v2\/posts\/339551\/revisions"}],"wp:featuredmedia":[{"embeddable":true,"href":"https:\/\/www.europesays.com\/fr\/wp-json\/wp\/v2\/media\/339552"}],"wp:attachment":[{"href":"https:\/\/www.europesays.com\/fr\/wp-json\/wp\/v2\/media?parent=339551"}],"wp:term":[{"taxonomy":"category","embeddable":true,"href":"https:\/\/www.europesays.com\/fr\/wp-json\/wp\/v2\/categories?post=339551"},{"taxonomy":"post_tag","embeddable":true,"href":"https:\/\/www.europesays.com\/fr\/wp-json\/wp\/v2\/tags?post=339551"}],"curies":[{"name":"wp","href":"https:\/\/api.w.org\/{rel}","templated":true}]}}