{"id":339553,"date":"2025-08-24T00:17:16","date_gmt":"2025-08-24T00:17:16","guid":{"rendered":"https:\/\/www.europesays.com\/fr\/339553\/"},"modified":"2025-08-24T00:17:16","modified_gmt":"2025-08-24T00:17:16","slug":"opinion-pour-paris-le-temps-de-lunion-et-de-la-victoire-par-rachida-dati-ministre-de-la-culture","status":"publish","type":"post","link":"https:\/\/www.europesays.com\/fr\/339553\/","title":{"rendered":"OPINION. \u00ab Pour Paris, le temps de l\u2019union et de la victoire \u00bb, par Rachida Dati, ministre de la Culture"},"content":{"rendered":"<p>Je me pr\u00e9sente aux suffrages des Parisiens pour un seul objectif\u2009 : <a href=\"https:\/\/www.latribune.fr\/la-tribune-dimanche\/politique\/municipales-2026-l-impossible-succession-d-anne-hidalgo-1027881.html\" target=\"_blank\" rel=\"noopener\">gagner Paris<\/a> et rendre aux \u00adParisiens la ville qu&rsquo;ils m\u00e9ritent. Depuis vingt-cinq ans, la gauche l&rsquo;a affaiblie et d\u00e9grad\u00e9e. Aujourd&rsquo;hui, nous avons l&rsquo;opportunit\u00e9 historique de tourner cette page. Nous avons un projet solide, des \u00e9lus implant\u00e9s dans tous les arrondissements et l&rsquo;\u00e9nergie pour transformer notre capitale.<\/p>\n<p>Paris vit une crise sans pr\u00e9c\u00e9dent. L&rsquo;<a href=\"https:\/\/www.latribune.fr\/la-tribune-dimanche\/opinions\/opinion-insecurite-des-femmes-dans-les-transports-levons-les-freins-a-la-mobilite-par-jean-christophe-combe-ancien-ministre-1019544.html\" target=\"_blank\" rel=\"noopener\">ins\u00e9curit\u00e9<\/a> progresse, la salet\u00e9 s&rsquo;installe, les embouteillages et les pistes improvis\u00e9es paralysent la circulation, les familles et les classes moyennes quittent la ville. Le <a href=\"https:\/\/www.latribune.fr\/entreprises-finance\/industrie\/biens-d-equipement-btp-immobilier\/l-adaptation-au-vieillissement-de-la-population-l-autre-urgence-du-logement-1030511.html\" target=\"_blank\" rel=\"noopener\">logement<\/a> est inaccessible, les commerces souffrent, les espaces verts disparaissent sous les projets id\u00e9ologiques.<\/p>\n<p>Tout cela est le r\u00e9sultat de vingt-cinq ann\u00e9es d&rsquo;id\u00e9ologie de gauche, marqu\u00e9es par l&rsquo;inaction, le gaspillage et les alliances avec les extr\u00eames. Paris ne m\u00e9rite plus l&rsquo;abandon, elle m\u00e9rite une ambition \u00e0 la hauteur de son histoire.<\/p>\n<p>\u00ab\u00a0Nouveau souffle\u00a0\u00bb<\/p>\n<p>En 2024, <a href=\"https:\/\/www.latribune.fr\/la-tribune-dimanche\/politique\/deux-mois-apres-son-election-a-la-tete-de-lr-bruno-retailleau-devant-son-himalaya-1030006.html\" target=\"_blank\" rel=\"noopener\">Les R\u00e9publicains<\/a> ont choisi l&rsquo;union avec \u00adRenaissance, le MoDem et les forces de centre droit pour prot\u00e9ger notre pays face \u00e0 une gauche alli\u00e9e aux extr\u00eames. Ce choix a permis un nouveau souffle. Quelques mois plus t\u00f4t, j&rsquo;avais pris cette m\u00eame d\u00e9cision de rassemblement, pour Paris, et pour les \u00e9lecteurs qui me font confiance depuis quinze ans.<\/p>\n<p>Avec les \u00e9lus de mon groupe au Conseil de Paris, au travers d&rsquo;une critique sans concession de la gestion d&rsquo;<a href=\"https:\/\/www.latribune.fr\/la-tribune-dimanche\/politique\/apres-la-mairie-de-paris-anne-hidalgo-vise-l-onu-1023198.html\" target=\"_blank\" rel=\"noopener\">Anne Hidalgo<\/a>, mais surtout par le biais de nos nombreuses propositions alternatives pour changer Paris, nous avons montr\u00e9 qu&rsquo;une alternance cr\u00e9dible est possible et redonn\u00e9 espoir \u00e0 des milliers de Parisiens.<\/p>\n<p>Aujourd&rsquo;hui, une petite minorit\u00e9 d&rsquo;\u00e9lus LR cherche \u00e0 briser cette union. Ils veulent imposer les vieilles recettes qui ont toujours fait perdre la droite \u00e0 Paris. Ils parient sur la division pour servir leurs ambitions ou sauver leur si\u00e8ge. Mais nous ne les laisserons pas sacrifier Paris \u00e0 leurs querelles d&rsquo;ego.<\/p>\n<p>Notre responsabilit\u00e9 est claire\u2009 : unir toutes les forces de la droite et du centre autour d&rsquo;un projet commun. La gauche parisienne, elle, sait s&rsquo;allier m\u00eame avec ses extr\u00eames pour conserver le pouvoir. Face \u00e0 elle, nous ne pouvons plus disperser nos voix ni perdre du temps dans des batailles internes.<\/p>\n<p>Je me suis engag\u00e9e aupr\u00e8s des Parisiens \u00e0 mettre toutes mes forces dans la bataille<\/p>\n<p class=\"VerbatimLTD_verbatim-ltd__content--author__TqOjH\">Rachida Dati, ministre de la Culture<\/p>\n<p>Un nouvel espoir<\/p>\n<p>Pour la premi\u00e8re fois depuis <a href=\"https:\/\/www.latribune.fr\/la-tribune-dimanche\/politique\/francois-baroin-maire-lr-de-troyes-pour-chirac-la-france-etait-de-la-porcelaine-1024113.html\" target=\"_blank\" rel=\"noopener\">Jacques Chirac<\/a>, nous avons recr\u00e9\u00e9 un v\u00e9ritable espoir. Plus de 90\u202f% des Parisiens voulaient \u00eatre entendus. Avec la <a href=\"https:\/\/www.latribune.fr\/la-tribune-dimanche\/opinions\/opinion-plm-l-absurdite-d-une-reforme-par-renaud-muselier-president-de-la-region-provence-alpes-cote-d-azur-1022234.html\" target=\"_blank\" rel=\"noopener\">r\u00e9forme PLM<\/a>, cette \u00e9lection se jouera directement avec eux. Nous avons un projet cr\u00e9dible, des \u00e9quipes ancr\u00e9es localement, et surtout la combativit\u00e9 n\u00e9cessaire pour l&#8217;emporter.<\/p>\n<p>Je me suis engag\u00e9e aupr\u00e8s des Parisiens \u00e0 mettre toutes mes forces dans la bataille. L&rsquo;\u00e9lection l\u00e9gislative qui aura lieu dans ma circonscription des 5\u1d49, 6\u1d49 et 7\u1d49\u202farrondissements sera la premi\u00e8re \u00e9tape du rassemblement et de la dynamique de victoire \u00e0 <a href=\"https:\/\/www.latribune.fr\/climat\/energie-environnement\/plastique-paris-veut-croire-a-un-sursaut-malgre-l-echec-de-geneve-1031135.html\" target=\"_blank\" rel=\"noopener\">Paris<\/a>.<\/p>\n<p>Paris a besoin d&rsquo;une union forte, d&rsquo;un projet clair et d&rsquo;une volont\u00e9 sans faille<\/p>\n<p class=\"VerbatimLTD_verbatim-ltd__content--author__TqOjH\">Rachida Dati, ministre de la Culture<\/p>\n<p>Je refuse que les Parisiens se fassent imposer des candidats semant la d\u00e9sunion au d\u00e9triment de notre combat commun pour Paris. J&rsquo;invite les forces politiques de la\u202fdroite et du centre \u00e0 prendre leurs responsabilit\u00e9s. D\u00e8s \u00e0 pr\u00e9sent, j&rsquo;assumerai les miennes et je le ferai jusqu&rsquo;au bout.<\/p>\n<p>Mon exp\u00e9rience et mon bilan prouvent que je sais tenir mes engagements. Dans chaque arrondissement, je d\u00e9fendrai les habitants et leur qualit\u00e9 de vie.<\/p>\n<p>Cette <a href=\"https:\/\/www.latribune.fr\/la-tribune-dimanche\/politique\/municipales-2026-les-ambitions-de-marion-marechal-a-paris-1023266.html\" target=\"_blank\" rel=\"noopener\">\u00e9lection municipale<\/a>, nous allons la gagner. Paris a besoin d&rsquo;une union forte, d&rsquo;un projet clair et d&rsquo;une volont\u00e9 sans faille. C&rsquo;est ce que je vous propose. Ensemble, nous allons gagner Paris. Ensemble, nous allons faire gagner Paris.<\/p>\n<p class=\"rev-margin-0 rev-text-xs-bold !text-lt-neutral-30 mt-[32px]\">Par Rachida Dati, ministre de la Culture<\/p>\n","protected":false},"excerpt":{"rendered":"Je me pr\u00e9sente aux suffrages des Parisiens pour un seul objectif\u2009 : gagner Paris et rendre aux \u00adParisiens&hellip;\n","protected":false},"author":2,"featured_media":339554,"comment_status":"","ping_status":"","sticky":false,"template":"","format":"standard","meta":{"footnotes":""},"categories":[1888],"tags":[17,11,1777,674,1011,27,4537,3102,12,4536,5912,626,471,25,5426,1264],"class_list":{"0":"post-339553","1":"post","2":"type-post","3":"status-publish","4":"format-standard","5":"has-post-thumbnail","7":"category-paris","8":"tag-17","9":"tag-actualites","10":"tag-eu","11":"tag-europe","12":"tag-fr","13":"tag-france","14":"tag-lunion","15":"tag-la-tribune-dimanche","16":"tag-news","17":"tag-opinion","18":"tag-par","19":"tag-paris","20":"tag-pour","21":"tag-republique-francaise","22":"tag-temps","23":"tag-victoire"},"share_on_mastodon":{"url":"https:\/\/pubeurope.com\/@fr\/115080871510107982","error":""},"_links":{"self":[{"href":"https:\/\/www.europesays.com\/fr\/wp-json\/wp\/v2\/posts\/339553","targetHints":{"allow":["GET"]}}],"collection":[{"href":"https:\/\/www.europesays.com\/fr\/wp-json\/wp\/v2\/posts"}],"about":[{"href":"https:\/\/www.europesays.com\/fr\/wp-json\/wp\/v2\/types\/post"}],"author":[{"embeddable":true,"href":"https:\/\/www.europesays.com\/fr\/wp-json\/wp\/v2\/users\/2"}],"replies":[{"embeddable":true,"href":"https:\/\/www.europesays.com\/fr\/wp-json\/wp\/v2\/comments?post=339553"}],"version-history":[{"count":0,"href":"https:\/\/www.europesays.com\/fr\/wp-json\/wp\/v2\/posts\/339553\/revisions"}],"wp:featuredmedia":[{"embeddable":true,"href":"https:\/\/www.europesays.com\/fr\/wp-json\/wp\/v2\/media\/339554"}],"wp:attachment":[{"href":"https:\/\/www.europesays.com\/fr\/wp-json\/wp\/v2\/media?parent=339553"}],"wp:term":[{"taxonomy":"category","embeddable":true,"href":"https:\/\/www.europesays.com\/fr\/wp-json\/wp\/v2\/categories?post=339553"},{"taxonomy":"post_tag","embeddable":true,"href":"https:\/\/www.europesays.com\/fr\/wp-json\/wp\/v2\/tags?post=339553"}],"curies":[{"name":"wp","href":"https:\/\/api.w.org\/{rel}","templated":true}]}}