{"id":339555,"date":"2025-08-24T00:18:11","date_gmt":"2025-08-24T00:18:11","guid":{"rendered":"https:\/\/www.europesays.com\/fr\/339555\/"},"modified":"2025-08-24T00:18:11","modified_gmt":"2025-08-24T00:18:11","slug":"manifestation-de-protestation-contre-une-base-russe","status":"publish","type":"post","link":"https:\/\/www.europesays.com\/fr\/339555\/","title":{"rendered":"Manifestation de protestation contre une base russe"},"content":{"rendered":"<p>Gyumri (Arm\u00e9nie), 23 ao\u00fbt 2025 (AFP) \u2013 Une centaine de personnes ont manifest\u00e9 samedi devant une base militaire russe en Arm\u00e9nie pour r\u00e9clamer son retrait de cette ex-r\u00e9publique sovi\u00e9tique, a constat\u00e9 un journaliste de l\u2019AFP.<\/p>\n<p>  Rassembl\u00e9s \u00e0 l\u2019appel du parti proocidental \u00ab\u00a0Au nom de la R\u00e9publique\u00a0\u00bb devant cette base d\u00e9ploy\u00e9e depuis 1995 \u00e0 Gyumri, \u00e0 122 km au nord d\u2019Erevan, la capitale arm\u00e9nienne, les manifestants ont brandi des pancartes clamant : \u00ab\u00a0L\u2019Arm\u00e9nie sans les bottes russes\u00a0\u00bb ou encore \u00ab\u00a0Seuls les soldats arm\u00e9niens pour l\u2019Arm\u00e9nie\u00a0\u00bb.<\/p>\n<p>  \u00ab\u00a0Nous r\u00e9clamons que la base russe soit retir\u00e9e du territoire arm\u00e9nien\u00a0\u00bb, a lanc\u00e9 l\u2019un des organisateurs Arman Babadjanian, en estimant qu\u2019elle \u00ab\u00a0n\u2019assure pas la s\u00e9curit\u00e9, mais cr\u00e9e une menace int\u00e9rieure\u00a0\u00bb.<\/p>\n<p>  \u00ab\u00a0La Russie doit quitter l\u2019Arm\u00e9nie\u00a0\u00bb, a d\u00e9clar\u00e9 \u00e0 l\u2019AFP Anahit Tadevossian, 74 ans, en redoutant que les Russes \u00ab\u00a0ne commencent \u00e0 d\u00e9truire\u00a0\u00bb son pays \u00ab\u00a0comme ils d\u00e9truisent l\u2019Ukraine\u00a0\u00bb o\u00f9 une offensive russe de grande \u00e9chelle est en cours depuis 2022.<\/p>\n<p>  Apr\u00e8s la conclusion d\u2019un projet d\u2019accord de paix entre l\u2019Arm\u00e9nie et l\u2019Azerba\u00efdjan \u00e0 Washington d\u00e9but ao\u00fbt, cens\u00e9 mettre fin \u00e0 des d\u00e9cennies de guerre entre ces pays rivaux du Caucase, \u00ab\u00a0la pr\u00e9sence de cette base et d\u2019un contingent militaire (russe) n\u2019a plus de sens\u00a0\u00bb, a affirm\u00e9 pour sa part Rouben Mehrabian, 58 ans.<\/p>\n<p>  Une autre manifestation, organis\u00e9e samedi devant la base \u00e0 Gyumri par le mouvement \u00ab\u00a0M\u00e8re Arm\u00e9nie\u00a0\u00bb, a r\u00e9uni quelques dizaines de partisans de la pr\u00e9sence militaire russe dans le pays.<\/p>\n<p>  Cens\u00e9e rester en place jusqu\u2019en 2044 selon un accord russo-arm\u00e9nien, cette base \u00ab\u00a0assure l\u2019ind\u00e9pendance et la s\u00e9curit\u00e9 de l\u2019Arm\u00e9nie et ceux qui sont contre elle, mettent en danger la s\u00e9curit\u00e9 et l\u2019ind\u00e9pendance\u00a0\u00bb du pays, a lanc\u00e9 l\u2019un des organisateurs, Manouk Soukiassian.<\/p>\n<p>  Les relations entre Moscou et Erevan traversent une p\u00e9riode de tensions depuis la reprise, par la force militaire, de l\u2019enclave contest\u00e9e du Karabakh par l\u2019Azerba\u00efdjan en 2023, qui \u00e9tait contr\u00f4l\u00e9e par des s\u00e9paratistes arm\u00e9niens depuis les ann\u00e9es 1990.<\/p>\n<p>  L\u2019Arm\u00e9nie, qui reproche \u00e0 Moscou de ne pas l\u2019avoir soutenue, a notamment gel\u00e9 sa participation \u00e0 l\u2019Organisation du trait\u00e9 de s\u00e9curit\u00e9 collective (OTSC), une alliance militaire entre anciens pays sovi\u00e9tiques chapeaut\u00e9e par la Russie.<\/p>\n","protected":false},"excerpt":{"rendered":"Gyumri (Arm\u00e9nie), 23 ao\u00fbt 2025 (AFP) \u2013 Une centaine de personnes ont manifest\u00e9 samedi devant une base militaire&hellip;\n","protected":false},"author":2,"featured_media":339556,"comment_status":"","ping_status":"","sticky":false,"template":"","format":"standard","meta":{"footnotes":""},"categories":[1591],"tags":[11,1887,12,1885,1886,132],"class_list":{"0":"post-339555","1":"post","2":"type-post","3":"status-publish","4":"format-standard","5":"has-post-thumbnail","7":"category-russie","8":"tag-actualites","9":"tag-federation-de-russie","10":"tag-news","11":"tag-russia","12":"tag-russian-federation","13":"tag-russie"},"share_on_mastodon":{"url":"https:\/\/pubeurope.com\/@fr\/115080875658922668","error":""},"_links":{"self":[{"href":"https:\/\/www.europesays.com\/fr\/wp-json\/wp\/v2\/posts\/339555","targetHints":{"allow":["GET"]}}],"collection":[{"href":"https:\/\/www.europesays.com\/fr\/wp-json\/wp\/v2\/posts"}],"about":[{"href":"https:\/\/www.europesays.com\/fr\/wp-json\/wp\/v2\/types\/post"}],"author":[{"embeddable":true,"href":"https:\/\/www.europesays.com\/fr\/wp-json\/wp\/v2\/users\/2"}],"replies":[{"embeddable":true,"href":"https:\/\/www.europesays.com\/fr\/wp-json\/wp\/v2\/comments?post=339555"}],"version-history":[{"count":0,"href":"https:\/\/www.europesays.com\/fr\/wp-json\/wp\/v2\/posts\/339555\/revisions"}],"wp:featuredmedia":[{"embeddable":true,"href":"https:\/\/www.europesays.com\/fr\/wp-json\/wp\/v2\/media\/339556"}],"wp:attachment":[{"href":"https:\/\/www.europesays.com\/fr\/wp-json\/wp\/v2\/media?parent=339555"}],"wp:term":[{"taxonomy":"category","embeddable":true,"href":"https:\/\/www.europesays.com\/fr\/wp-json\/wp\/v2\/categories?post=339555"},{"taxonomy":"post_tag","embeddable":true,"href":"https:\/\/www.europesays.com\/fr\/wp-json\/wp\/v2\/tags?post=339555"}],"curies":[{"name":"wp","href":"https:\/\/api.w.org\/{rel}","templated":true}]}}