{"id":339579,"date":"2025-08-24T00:31:19","date_gmt":"2025-08-24T00:31:19","guid":{"rendered":"https:\/\/www.europesays.com\/fr\/339579\/"},"modified":"2025-08-24T00:31:19","modified_gmt":"2025-08-24T00:31:19","slug":"us-open-zverev-nest-plus-deprime","status":"publish","type":"post","link":"https:\/\/www.europesays.com\/fr\/339579\/","title":{"rendered":"US Open : Zverev n&rsquo;est plus d\u00e9prim\u00e9"},"content":{"rendered":"<p class=\"date\">\n                                                            Thomas Siniecki, Media365 : publi\u00e9 le samedi 23 ao\u00fbt 2025 \u00e0 21h39\n                                                    <\/p>\n<p>Et si c&rsquo;\u00e9tait enfin un nouveau Alexander Zverev, apais\u00e9, qui s&rsquo;appr\u00eatait \u00e0 aborder sa comp\u00e9tition \u00e0 New York ?<\/p>\n<p>Alexander Zverev s&rsquo;\u00e9tait confi\u00e9, apr\u00e8s son \u00e9limination \u00e0 Wimbledon contre Arthur Rinderknech, sur ce qui confinait quasiment \u00e0 une d\u00e9pression sur les courts pour lui. Et d\u00e9sormais, \u00e0 la veille de l&rsquo;US Open, il se sent \u00ab\u00a0beaucoup mieux\u00a0\u00bb : \u00ab\u00a0J&rsquo;ai mis de c\u00f4t\u00e9 ma raquette, j&rsquo;ai pris du temps pour moi et je suis parti en vacances avec mes amis, je ne me suis pas entra\u00een\u00e9 et je n&rsquo;ai pas jou\u00e9 au tennis, ni fait quoi que ce soit de ce que je fais habituellement. J&rsquo;ai pass\u00e9 beaucoup de temps avec mes amis. J&rsquo;ai re\u00e7u une aide professionnelle et tout se passe bien.\u00a0\u00bb L&rsquo;Allemand se juge tout simplement \u00ab\u00a0sur la bonne voie\u00a0\u00bb.<\/p>\n<p>\u00ab\u00a0Je n&rsquo;\u00e9tais pas heureux, d\u00e9sormais les choses sont de nouveau sur la bonne voie\u00a0\u00bb<\/p>\n<p>Il continue de vouloir remporter un tournoi du Grand Chelem, le r\u00eave forc\u00e9ment ultime de sa carri\u00e8re, lui qui a atteint trois finales \u00e0 l&rsquo;US Open 2020, Roland-Garros 2024 <a href=\"https:\/\/sports.orange.fr\/tennis\/article\/open-d-australie-h-sinner-s-offre-un-double-a-melbourne-CNT000002hckqi.html\" rel=\"nofollow noopener\" target=\"_blank\">et cette ann\u00e9e en Australie<\/a>, respectivement perdues contre Dominic Thiem, Carlos Alcaraz et Jannik Sinner. \u00ab\u00a0Je sais que cette saison a \u00e9t\u00e9 difficile pour moi \u00e0 certains moments, j&rsquo;\u00e9tais tr\u00e8s frustr\u00e9 avec moi-m\u00eame et je n&rsquo;\u00e9tais pas heureux sur le court. D\u00e9sormais, j&rsquo;ai l&rsquo;impression que les choses sont de nouveau sur la bonne voie.\u00a0\u00bb<\/p>\n<p>Le n\u00b03 mondial pense que s&rsquo;il est joyeux et heureux sur le court, \u00e7a se voit sur son tennis et sur sa fa\u00e7on de jouer, son calme retrouv\u00e9. D&rsquo;apr\u00e8s lui, ses deux derniers tournois lui ont d\u00e9montr\u00e9 \u00e7a, les deux Masters 1000 de Toronto et Cincinnati <a href=\"https:\/\/sports.orange.fr\/tennis\/atp\/article\/atp-cincinnati-alcaraz-rejoint-sinner-en-finale-CNT000002kdCXj.html\" rel=\"nofollow noopener\" target=\"_blank\">o\u00f9 il est all\u00e9 \u00e0 chaque fois jusqu&rsquo;en demi-finales<\/a>. \u00ab\u00a0C&rsquo;est un processus qui ne se termine pas en une ou deux semaines, il faut travailler dessus pendant plusieurs ann\u00e9es\u00a0\u00bb, pr\u00e9cise-t-il toutefois, comme pour bien pr\u00e9venir que rien n&rsquo;est jamais vraiment acquis. La v\u00e9rit\u00e9 du moment, dans l&rsquo;imm\u00e9diat, ce sera \u00e0 Flushing Meadows.<\/p>\n","protected":false},"excerpt":{"rendered":"Thomas Siniecki, Media365 : publi\u00e9 le samedi 23 ao\u00fbt 2025 \u00e0 21h39 Et si c&rsquo;\u00e9tait enfin un nouveau&hellip;\n","protected":false},"author":2,"featured_media":339580,"comment_status":"","ping_status":"","sticky":false,"template":"","format":"standard","meta":{"footnotes":""},"categories":[1415],"tags":[1011,27,60,1467],"class_list":{"0":"post-339579","1":"post","2":"type-post","3":"status-publish","4":"format-standard","5":"has-post-thumbnail","7":"category-tennis","8":"tag-fr","9":"tag-france","10":"tag-sports","11":"tag-tennis"},"share_on_mastodon":{"url":"https:\/\/pubeurope.com\/@fr\/115080926501502275","error":""},"_links":{"self":[{"href":"https:\/\/www.europesays.com\/fr\/wp-json\/wp\/v2\/posts\/339579","targetHints":{"allow":["GET"]}}],"collection":[{"href":"https:\/\/www.europesays.com\/fr\/wp-json\/wp\/v2\/posts"}],"about":[{"href":"https:\/\/www.europesays.com\/fr\/wp-json\/wp\/v2\/types\/post"}],"author":[{"embeddable":true,"href":"https:\/\/www.europesays.com\/fr\/wp-json\/wp\/v2\/users\/2"}],"replies":[{"embeddable":true,"href":"https:\/\/www.europesays.com\/fr\/wp-json\/wp\/v2\/comments?post=339579"}],"version-history":[{"count":0,"href":"https:\/\/www.europesays.com\/fr\/wp-json\/wp\/v2\/posts\/339579\/revisions"}],"wp:featuredmedia":[{"embeddable":true,"href":"https:\/\/www.europesays.com\/fr\/wp-json\/wp\/v2\/media\/339580"}],"wp:attachment":[{"href":"https:\/\/www.europesays.com\/fr\/wp-json\/wp\/v2\/media?parent=339579"}],"wp:term":[{"taxonomy":"category","embeddable":true,"href":"https:\/\/www.europesays.com\/fr\/wp-json\/wp\/v2\/categories?post=339579"},{"taxonomy":"post_tag","embeddable":true,"href":"https:\/\/www.europesays.com\/fr\/wp-json\/wp\/v2\/tags?post=339579"}],"curies":[{"name":"wp","href":"https:\/\/api.w.org\/{rel}","templated":true}]}}