{"id":33958,"date":"2025-04-18T11:37:02","date_gmt":"2025-04-18T11:37:02","guid":{"rendered":"https:\/\/www.europesays.com\/fr\/33958\/"},"modified":"2025-04-18T11:37:02","modified_gmt":"2025-04-18T11:37:02","slug":"les-choristes-loveriens-au-zenith-de-rouen-pour-le-concert-des-500-voix","status":"publish","type":"post","link":"https:\/\/www.europesays.com\/fr\/33958\/","title":{"rendered":"Les choristes lov\u00e9riens au Z\u00e9nith de Rouen pour le concert des \u00ab\u00a0500 voix\u00a0\u00bb"},"content":{"rendered":"<p>            Par<br \/>\n        <strong><br \/>\n            <a href=\"https:\/\/actu.fr\/auteur\/beatrice-cherry-pellat\" title=\"Consulter tous les articles de B\u00e9atrice Cherry-Pellat\" target=\"_blank\" rel=\"noopener\">B\u00e9atrice Cherry-Pellat<\/a><br \/>\n        <\/strong><\/p>\n<p>        Publi\u00e9 le<\/p>\n<p>            16 avr. 2025 \u00e0 16h46        <\/p>\n<p>Apr\u00e8s avoir rendu hommage au <b>groupe Queen en 2024<\/b>, la formule <b>\u00ab 500\u00a0voix \u00bb<\/b> lanc\u00e9e par le<b> producteur David Hardit<\/b>, revient cette ann\u00e9e pour interpr\u00e9ter les<b> plus belles chansons fran\u00e7aises<\/b>.<\/p>\n<p class=\" wall-content\"><b>Vendredi 25 avril 2025<\/b> au<b> Z\u00e9nith de Rouen<\/b>, 500 choristes monteront sur sc\u00e8ne pour rendre hommage \u00e0 <b>Charles Aznavour,<\/b> <b>Johnny Hallyday<\/b>, <b>Daniel Balavoine <\/b>ou encore <b>Michel Polnareff<\/b>. Pour ce concert, la plupart des choristes ont \u00e9t\u00e9 s\u00e9lectionn\u00e9s aupr\u00e8s des <b>\u00e9coles de musique <\/b>et des <b>chorales <\/b>de <b>Seine-Maritime<\/b> et de l\u2019<b>Eure<\/b>, d\u2019autres chanteurs se sont inscrits \u00e0 titre individuel. Ouvert \u00e0 tous, ce concert r\u00e9unit des choristes de tout \u00e2ge.<\/p>\n<p>\u00ab\u00a0On touche \u00e0 un r\u00eave qui paraissait inaccessible !\u00a0\u00bb<\/p>\n<p class=\" wall-content\">Eric Daniel et Jessy Denis, choristes \u00e0 l\u2019\u00e9cole de musique de <a href=\"https:\/\/actu.fr\/normandie\/louviers_27375\" target=\"_blank\" rel=\"noopener\">Louviers <\/a>et \u00e0 la chorale de la Source \u00e0 Incarville, font partie de cette nouvelle aventure avec une douzaine d\u2019autres chanteurs lov\u00e9riens : \u00ab On touche \u00e0 un r\u00eave qui paraissait inaccessible ! \u00bb, se r\u00e9jouit Jessy Denis, choriste depuis deux ans.<\/p>\n<blockquote class=\"ac-article-quote wall-content\">\n<p>J\u2019ai vu le concert des 500 voix pour Queen l\u2019ann\u00e9e derni\u00e8re, c\u2019\u00e9tait incroyable. J\u2019ai eu envie de participer \u00e0 cette aventure.<\/p>\n<p>Jessy Denis, choriste<\/p><\/blockquote>\n<p class=\" wall-content\">Eric Daniel montera lui aussi sur la sc\u00e8ne du Z\u00e9nith. Accord\u00e9oniste et chanteur depuis son adolescence, il est aussi ravi de participer \u00e0 ce concert : \u00ab C\u2019est du travail, on r\u00e9p\u00e8te une fois par mois avec deux chefs de ch\u0153ur, Franck Lecacheur et Carole Ruinet. C\u2019est tr\u00e8s agr\u00e9able, \u00e7a nous permet de rencontrer d\u2019autres chorales, on est tir\u00e9 par le haut \u00bb. Pour s\u2019entra\u00eener, tous les participants au concert des 500 voix ont re\u00e7u les partitions des morceaux choisis par la production ainsi qu\u2019un guide voix.<\/p>\n<p>Vid\u00e9os : en ce moment sur ActuVingt-deux succ\u00e8s de la chanson fran\u00e7aise<\/p>\n<p class=\" wall-content\">Si les deux choristes ont l\u2019habitude de chanter \u00e0 l\u2019unisson \u2013 la m\u00eame note sur un m\u00eame rythme \u2013 ils ont d\u00fb s\u2019entrainer \u00e0 chanter avec des voix diff\u00e9rentes sur des rythmes diff\u00e9rents pour le concert des \u00ab 500\u00a0voix \u00bb et ont d\u00fb apprendre par c\u0153ur les paroles des <b>vingt-deux chansons <\/b>qui seront interpr\u00e9t\u00e9es. Durant l\u2019ann\u00e9e, les choristes ont pu se r\u00e9unir pour trois concerts avant le grand rendez-vous du 25 avril \u00e0 Rouen. \u00ab Nous avons \u00e9galement particip\u00e9 \u00e0 des \u00e9missions. On a \u00e9t\u00e9 choristes pour The Voice et pour la Star Academy \u00bb, d\u00e9taille Jessy Denis. Le chanteur se souvient d\u2019\u00ab un moment de grande \u00e9motion \u00bb lorsque les choristes ont interpr\u00e9t\u00e9 pour <b>The Voice<\/b> une chanson de <b>Patricia Kaas<\/b> devant la chanteuse.<\/p>\n<p>2 000 choristes \u00e0 Metz en juin<\/p>\n<p class=\" wall-content\">Le 15 juin, les deux choristes lov\u00e9riens participeront \u00e0 un autre grand rendez-vous musical :<\/p>\n<blockquote class=\"ac-article-quote wall-content\">\n<p>On va faire la premi\u00e8re partie du concert hommage \u00e0 Queen qui, cette fois, r\u00e9unira 5 000 voix. Nous allons interpr\u00e9ter des chansons fran\u00e7aises. Pour ce concert, nous serons 2 000 choristes sur sc\u00e8ne.<\/p>\n<p>Jessy Denis<\/p><\/blockquote>\n<p class=\" wall-content\">Les deux choristes lov\u00e9riens se penchent d\u00e9j\u00e0 sur les prochains spectacles produits par David Hardit : \u00ab En 2026, le th\u00e8me sera les<b> l\u00e9gendes du rock <\/b>et en 2027, ce sera un <b>concert hommage \u00e0 Johnny Hallyday<\/b> \u00bb.<\/p>\n<p>Concert des \u00ab\u00a0500 voix\u00a0\u00bb des plus belles chansons fran\u00e7aises, vendredi 25 avril au<a href=\"https:\/\/www.zenith-de-rouen.com\/\" target=\"_blank\" rel=\"noopener\"> Z\u00e9nith de Rouen<\/a>. Places encore disponibles.<\/p>\n<p class=\" wall-content\">Suivez toute l\u2019actualit\u00e9 de vos villes et m\u00e9dias favoris en vous inscrivant \u00e0 <a href=\"https:\/\/moncompte.actu.fr\" title=\"D\u00e9couvez Mon Actu\" rel=\"nofollow noopener\" data-trk=\"{&quot;cta&quot;:{&quot;action&quot;:&quot;https:\\\/\\\/moncompte.actu.fr&quot;,&quot;category&quot;:&quot;mon compte&quot;,&quot;from&quot;:&quot;article footer&quot;,&quot;name&quot;:&quot;Mon actu&quot;,&quot;type&quot;:&quot;cta&quot;}}\" target=\"_blank\">Mon Actu<\/a>.<\/p>\n","protected":false},"excerpt":{"rendered":"Par B\u00e9atrice Cherry-Pellat Publi\u00e9 le 16 avr. 2025 \u00e0 16h46 Apr\u00e8s avoir rendu hommage au groupe Queen en&hellip;\n","protected":false},"author":2,"featured_media":33959,"comment_status":"","ping_status":"","sticky":false,"template":"","format":"standard","meta":{"footnotes":""},"categories":[9587],"tags":[1111,11,1695,1697,1777,674,1011,27,1652,12,5161,25,9590,9894],"class_list":{"0":"post-33958","1":"post","2":"type-post","3":"status-publish","4":"format-standard","5":"has-post-thumbnail","7":"category-rouen","8":"tag-actu","9":"tag-actualites","10":"tag-chanson","11":"tag-concert","12":"tag-eu","13":"tag-europe","14":"tag-fr","15":"tag-france","16":"tag-loisirs-culture","17":"tag-news","18":"tag-normandie","19":"tag-republique-francaise","20":"tag-rouen","21":"tag-zenith-de-rouen"},"share_on_mastodon":{"url":"","error":""},"_links":{"self":[{"href":"https:\/\/www.europesays.com\/fr\/wp-json\/wp\/v2\/posts\/33958","targetHints":{"allow":["GET"]}}],"collection":[{"href":"https:\/\/www.europesays.com\/fr\/wp-json\/wp\/v2\/posts"}],"about":[{"href":"https:\/\/www.europesays.com\/fr\/wp-json\/wp\/v2\/types\/post"}],"author":[{"embeddable":true,"href":"https:\/\/www.europesays.com\/fr\/wp-json\/wp\/v2\/users\/2"}],"replies":[{"embeddable":true,"href":"https:\/\/www.europesays.com\/fr\/wp-json\/wp\/v2\/comments?post=33958"}],"version-history":[{"count":0,"href":"https:\/\/www.europesays.com\/fr\/wp-json\/wp\/v2\/posts\/33958\/revisions"}],"wp:featuredmedia":[{"embeddable":true,"href":"https:\/\/www.europesays.com\/fr\/wp-json\/wp\/v2\/media\/33959"}],"wp:attachment":[{"href":"https:\/\/www.europesays.com\/fr\/wp-json\/wp\/v2\/media?parent=33958"}],"wp:term":[{"taxonomy":"category","embeddable":true,"href":"https:\/\/www.europesays.com\/fr\/wp-json\/wp\/v2\/categories?post=33958"},{"taxonomy":"post_tag","embeddable":true,"href":"https:\/\/www.europesays.com\/fr\/wp-json\/wp\/v2\/tags?post=33958"}],"curies":[{"name":"wp","href":"https:\/\/api.w.org\/{rel}","templated":true}]}}