{"id":339585,"date":"2025-08-24T00:35:12","date_gmt":"2025-08-24T00:35:12","guid":{"rendered":"https:\/\/www.europesays.com\/fr\/339585\/"},"modified":"2025-08-24T00:35:12","modified_gmt":"2025-08-24T00:35:12","slug":"decouvrez-le-trace-de-la-derniere-etape-de-ce-dimanche-entre-kourou-et-cayenne","status":"publish","type":"post","link":"https:\/\/www.europesays.com\/fr\/339585\/","title":{"rendered":"d\u00e9couvrez le trac\u00e9 de la derni\u00e8re \u00e9tape de ce dimanche, entre Kourou et Cayenne"},"content":{"rendered":"<p>Ce dimanche 24 ao\u00fbt 2025, la derni\u00e8re \u00e9tape du tour de Guyane relie Kourou et Cayenne. Elle permettra aux coureurs de s&rsquo;affronter sur 138 kilom\u00e8tres.<\/p>\n<p>Apr\u00e8s une semaine intense, comme toujours, sur les routes de Guyane, les coureurs s&rsquo;\u00e9lancent pour la derni\u00e8re et tant attendue derni\u00e8re \u00e9tape de ce Tour de Guyane.<\/p>\n<p>Ce dimanche, place \u00e0 l&rsquo;\u00e9preuve qui relie Kourou \u00e0 Cayenne, soit 138,10 kilom\u00e8tres que les coureurs vont avaler d\u00e8s 14h15. \u00a0La grande arriv\u00e9e se fera, cette ann\u00e9e encore, face \u00e0 l&rsquo;entr\u00e9e de la collectivit\u00e9 territoriale de Guyane apr\u00e8s un circuit dans la ville de Cayenne. Le vainqueur du tour de Guyane 2025 devrait franchir la ligne d&rsquo;arriv\u00e9e avant 17h30.\u00a0<\/p>\n<p>Au total, le peloton aura parcouru 1296 kilom\u00e8tres.<\/p>\n<p>                                    <img class=\"a-article__image lazy libre\" width=\"800\" height=\"450\" data-src=\"https:\/\/www.europesays.com\/fr\/wp-content\/uploads\/2025\/08\/etape-9-kourou-cayenne-689be532903bf114416887.png\" style=\"--img-placeholder: url('\/assets\/img\/placeholders\/article-800-450.svg');\" alt=\"\" aria-hidden=\"true\"\/><\/p>\n<p>                L&rsquo;\u00e9tape finale du Tour de Guyane : Kourou \u00e0 Cayenne, le dimanche 24 ao\u00fbt<br \/>\n                     \u2022<br \/>\n                            \u00a9Comit\u00e9 R\u00e9gional de Cyclisme de Guyane<\/p>\n<ul>\n<li>\u00a0Parking du CSG (faux d\u00e9part)<\/li>\n<li>100 m\u00e8tres avant le pont de la rivi\u00e8re de Kourou (d\u00e9part)<\/li>\n<li>Sortie de Guat\u00e9mala (1er point chaud)<\/li>\n<li>Bourg de Tonate (d\u00e9but du ravitaillement)<\/li>\n<li>Carrefour du Galion (second point chaud)<\/li>\n<li>Entr\u00e9e de la cit\u00e9 Z\u00e9phir \u00e0 Cayenne (3\u00e8me point chaud)<\/li>\n<li>Giratoire du rectorat<\/li>\n<li>Entr\u00e9e de la CTG (arriv\u00e9e)<\/li>\n<\/ul>\n","protected":false},"excerpt":{"rendered":"Ce dimanche 24 ao\u00fbt 2025, la derni\u00e8re \u00e9tape du tour de Guyane relie Kourou et Cayenne. Elle permettra&hellip;\n","protected":false},"author":2,"featured_media":339586,"comment_status":"","ping_status":"","sticky":false,"template":"","format":"standard","meta":{"footnotes":""},"categories":[1411],"tags":[1154,207,1011,27,60],"class_list":{"0":"post-339585","1":"post","2":"type-post","3":"status-publish","4":"format-standard","5":"has-post-thumbnail","7":"category-cyclisme","8":"tag-cycling","9":"tag-cyclisme","10":"tag-fr","11":"tag-france","12":"tag-sports"},"share_on_mastodon":{"url":"https:\/\/pubeurope.com\/@fr\/115080942319150785","error":""},"_links":{"self":[{"href":"https:\/\/www.europesays.com\/fr\/wp-json\/wp\/v2\/posts\/339585","targetHints":{"allow":["GET"]}}],"collection":[{"href":"https:\/\/www.europesays.com\/fr\/wp-json\/wp\/v2\/posts"}],"about":[{"href":"https:\/\/www.europesays.com\/fr\/wp-json\/wp\/v2\/types\/post"}],"author":[{"embeddable":true,"href":"https:\/\/www.europesays.com\/fr\/wp-json\/wp\/v2\/users\/2"}],"replies":[{"embeddable":true,"href":"https:\/\/www.europesays.com\/fr\/wp-json\/wp\/v2\/comments?post=339585"}],"version-history":[{"count":0,"href":"https:\/\/www.europesays.com\/fr\/wp-json\/wp\/v2\/posts\/339585\/revisions"}],"wp:featuredmedia":[{"embeddable":true,"href":"https:\/\/www.europesays.com\/fr\/wp-json\/wp\/v2\/media\/339586"}],"wp:attachment":[{"href":"https:\/\/www.europesays.com\/fr\/wp-json\/wp\/v2\/media?parent=339585"}],"wp:term":[{"taxonomy":"category","embeddable":true,"href":"https:\/\/www.europesays.com\/fr\/wp-json\/wp\/v2\/categories?post=339585"},{"taxonomy":"post_tag","embeddable":true,"href":"https:\/\/www.europesays.com\/fr\/wp-json\/wp\/v2\/tags?post=339585"}],"curies":[{"name":"wp","href":"https:\/\/api.w.org\/{rel}","templated":true}]}}