{"id":339589,"date":"2025-08-24T00:37:13","date_gmt":"2025-08-24T00:37:13","guid":{"rendered":"https:\/\/www.europesays.com\/fr\/339589\/"},"modified":"2025-08-24T00:37:13","modified_gmt":"2025-08-24T00:37:13","slug":"pierre-richard-affaibli-a-91-ans-lacteur-a-decide-de-mettre-un-terme-a-une-partie-de-sa-carriere","status":"publish","type":"post","link":"https:\/\/www.europesays.com\/fr\/339589\/","title":{"rendered":"Pierre Richard affaibli \u00e0 91 ans : l\u2019acteur a d\u00e9cid\u00e9 de mettre un terme \u00e0 une partie de sa carri\u00e8re"},"content":{"rendered":"<p>Il fait partie des <strong>grands noms du cin\u00e9ma<br \/>\nfran\u00e7ais<\/strong> et pourtant, Pierre Richard vient de prendre une<br \/>\nd\u00e9cision importante pour la suite de sa carri\u00e8re. C\u2019est dans les<br \/>\nann\u00e9es 1970 qu\u00a0\u00bbil conna\u00eet un immense succ\u00e8s avec ses r\u00f4les dans des<br \/>\nfilms devenus cultes, comme Le Grand Blond avec une chaussure<br \/>\nnoire (1972) et La Ch\u00e8vre (1981), r\u00e9alis\u00e9s par<br \/>\nFrancis Veber. En plus du grand \u00e9cran, il conna\u00eet aussi un succ\u00e8s<br \/>\nau th\u00e9\u00e2tre. Son talent lui vaudra de nombreuses r\u00e9compenses, comme<br \/>\n<a href=\"https:\/\/www.closermag.fr\/people\/ca-m-emmerdait-de-pierre-richard-revient-sur-sa-tenue-controversee-lors-de-la-ceremonie-des-cesar-1709538#item=1\" target=\"_blank\" rel=\"noopener\"><br \/>\nun C\u00e9sar d&rsquo;honneur en 2006<\/a>, un Magritte d&rsquo;honneur en 2015 et le<br \/>\nMoli\u00e8re du seul en sc\u00e8ne en 2020.<\/p>\n<p><strong>En plus d\u2019\u00eatre acteur, Pierre Richard est<br \/>\nr\u00e9alisateur.<\/strong> On lui doit notamment Le Distrait et<br \/>\nJe suis timide, mais je me soigne. Mais <a href=\"https:\/\/www.closermag.fr\/people\/pierre-richard-a-90-ans-belmondo-delon-plus-personne-ce-message-qui-en-dit-long-pour-son-anniversaire-3471107\" target=\"_blank\" rel=\"noopener\"><br \/>\n\u00e0 91 ans<\/a>, il ne peut plus combiner les deux.<\/p>\n<p>Pierre Richard fait un choix de carri\u00e8re surprenant<\/p>\n<p>Apr\u00e8s plusieurs dizaines d\u2019ann\u00e9es dans le milieu du th\u00e9\u00e2tre et<br \/>\ndu cin\u00e9ma, <a href=\"https:\/\/www.closermag.fr\/people\/pierre-richard-les-autres-peuvent-en-souffrir-ses-rares-confidences-sur-sa-vie-de-famille-3410547\" target=\"_blank\" rel=\"noopener\"><br \/>\nle p\u00e8re de famille<\/a>, qui \u00e9tait <a href=\"https:\/\/www.closermag.fr\/people\/cannes-2025-pierre-richard-rare-apparition-avec-sa-femme-ceyla-amaigri-et-affaibli-il-a-besoin-de-sasseoir-3547592\" target=\"_blank\" rel=\"noopener\"><br \/>\napparu affaiblit au Festival de Cannes,<\/a> a acquis une<br \/>\nreconnaissance \u00e0 l\u2019international. Et malgr\u00e9 son \u00e2ge, il ne semble<br \/>\npas pr\u00eat \u00e0 mettre un terme \u00e0 sa carri\u00e8re. Enfin pas totalement.<br \/>\nAlors qu\u2019il s\u2019appr\u00eate \u00e0 sortir son nouveau film \u201cL\u2019homme qui a<br \/>\nvu l\u2019ours qui a vu l\u2019homme\u201d, il affirme que ce sera le dernier<br \/>\nen tant que r\u00e9alisateur : \u201c<strong>Je crois que je n&rsquo;en ferai<br \/>\nplus parce que physiquement, une aventure de deux ans et demi,<br \/>\nc&rsquo;est quand m\u00eame tr\u00e8s dur.<\/strong> \u00c0 mon \u00e2ge, c&rsquo;est tellement plus<br \/>\nfacile d&rsquo;\u00eatre com\u00e9dien. Je pourrais faire trois films par an<br \/>\ntranquillement en m&rsquo;asseyant sur une chaise entre deux plans\u201d,<br \/>\na-t-il confi\u00e9 \u00e0 Monaco Matin le 23 ao\u00fbt.<\/p>\n<p>Cette com\u00e9die, qui sortira en salle le 17 septembre, raconte<br \/>\nl\u2019histoire de deux hommes, Gr\u00e9goire et Michel. Bien qu\u2019ils ne<br \/>\nsoient pas de la m\u00eame g\u00e9n\u00e9ration, ils sont unis \u00e0 la fois par les<br \/>\nliens d&rsquo;amiti\u00e9, mais aussi gr\u00e2ce \u00e0 leur amour pour la nature. Ils<br \/>\nsont l\u2019un et l\u2019autre pris d\u2019affection pour un ours, qui s\u2019est<br \/>\n\u00e9chapp\u00e9 d\u2019un cirque. Dans ce long-m\u00e9trage, Pierre Richard, en plus<br \/>\nd\u2019\u00eatre r\u00e9alisateur, incarne le r\u00f4le de Gr\u00e9goire. Il partage<br \/>\nl\u2019affiche avec Timi-Joy Marbot dans le r\u00f4le de Michel.<\/p>\n<p>Pierre Richard ne r\u00e9alisera plus de<br \/>\nfilm<\/p>\n<p>C\u2019est donc une page qui se tourne <a href=\"https:\/\/www.closermag.fr\/people\/pierre-richard-a-quoi-ressemble-sa-superbe-maison-daix-en-provence-3538592\" target=\"_blank\" rel=\"noopener\"><br \/>\npour Pierre Richard<\/a>. Celui qui au cours de sa carri\u00e8re a jou\u00e9<br \/>\naux c\u00f4t\u00e9s de Johnny Depp ou <a href=\"https:\/\/www.closermag.fr\/people\/pierre-richard-cetait-pareil-confronte-au-recit-glacant-de-sarah-au-tribunal-gerard-depardieu-se-defend-tant-bien-que-mal-3530290\" target=\"_blank\" rel=\"noopener\"><br \/>\nde G\u00e9rard Depardieu<\/a> est s\u00fbr de sa d\u00e9cision : \u201cJe ne vais<br \/>\npas jurer comme Aznavour qui disait toujours faire sa derni\u00e8re, et<br \/>\nau final, il en a fait dix des derni\u00e8res. Moi, <a href=\"https:\/\/www.closermag.fr\/people\/je-ne-peux-pas-faire-cent-metres-pierre-richard-diminue-il-donne-de-ses-nouvelles-3410581\" target=\"_blank\" rel=\"noopener\"><br \/>\nje ne ferai s\u00fbrement pas dix derniers films<\/a>.\u00a0\u00bb<\/p>\n<p>Au total, il a jou\u00e9 dans plus de 70 films. Un beau palmar\u00e8s.<\/p>\n","protected":false},"excerpt":{"rendered":"Il fait partie des grands noms du cin\u00e9ma fran\u00e7ais et pourtant, Pierre Richard vient de prendre une d\u00e9cision&hellip;\n","protected":false},"author":2,"featured_media":339590,"comment_status":"","ping_status":"","sticky":false,"template":"","format":"standard","meta":{"footnotes":""},"categories":[1359],"tags":[548,58,59,1011,27,973,7705],"class_list":{"0":"post-339589","1":"post","2":"type-post","3":"status-publish","4":"format-standard","5":"has-post-thumbnail","7":"category-people","8":"tag-article-simple","9":"tag-divertissement","10":"tag-entertainment","11":"tag-fr","12":"tag-france","13":"tag-people","14":"tag-pierre-richard"},"share_on_mastodon":{"url":"https:\/\/pubeurope.com\/@fr\/115080950208795707","error":""},"_links":{"self":[{"href":"https:\/\/www.europesays.com\/fr\/wp-json\/wp\/v2\/posts\/339589","targetHints":{"allow":["GET"]}}],"collection":[{"href":"https:\/\/www.europesays.com\/fr\/wp-json\/wp\/v2\/posts"}],"about":[{"href":"https:\/\/www.europesays.com\/fr\/wp-json\/wp\/v2\/types\/post"}],"author":[{"embeddable":true,"href":"https:\/\/www.europesays.com\/fr\/wp-json\/wp\/v2\/users\/2"}],"replies":[{"embeddable":true,"href":"https:\/\/www.europesays.com\/fr\/wp-json\/wp\/v2\/comments?post=339589"}],"version-history":[{"count":0,"href":"https:\/\/www.europesays.com\/fr\/wp-json\/wp\/v2\/posts\/339589\/revisions"}],"wp:featuredmedia":[{"embeddable":true,"href":"https:\/\/www.europesays.com\/fr\/wp-json\/wp\/v2\/media\/339590"}],"wp:attachment":[{"href":"https:\/\/www.europesays.com\/fr\/wp-json\/wp\/v2\/media?parent=339589"}],"wp:term":[{"taxonomy":"category","embeddable":true,"href":"https:\/\/www.europesays.com\/fr\/wp-json\/wp\/v2\/categories?post=339589"},{"taxonomy":"post_tag","embeddable":true,"href":"https:\/\/www.europesays.com\/fr\/wp-json\/wp\/v2\/tags?post=339589"}],"curies":[{"name":"wp","href":"https:\/\/api.w.org\/{rel}","templated":true}]}}