{"id":339595,"date":"2025-08-24T00:40:10","date_gmt":"2025-08-24T00:40:10","guid":{"rendered":"https:\/\/www.europesays.com\/fr\/339595\/"},"modified":"2025-08-24T00:40:10","modified_gmt":"2025-08-24T00:40:10","slug":"fabien-lecoeuvre-balance-son-salaire-xxl-15-000e-par-mois","status":"publish","type":"post","link":"https:\/\/www.europesays.com\/fr\/339595\/","title":{"rendered":"Fabien Lec\u0153uvre balance son salaire XXL&#8230;15.000\u20ac par mois"},"content":{"rendered":"<p>      R\u00e9sum\u00e9<\/p>\n<p>Cyril Hanouna pr\u00e9pare son retour sur W9 avec un nouveau talk-show m\u00ealant divertissement et d\u00e9bats, tandis que Fabien Lecoeuvre r\u00e9v\u00e8le les coulisses de son salaire et pr\u00e9paration.<\/p>\n<p>        Sommaire<\/p>\n<p>Suite \u00e0 la d\u00e9cision de l\u2019Arcom, C8 et NRJ12 ont disparu de la TNT. Mais ce n\u2019est pas pour autant que<a href=\"https:\/\/www.public.fr\/cyril-hanouna-pour-tout-beau-tout-n9uf-lanimateur-aurait-jete-son-devolu-sur-la-fille-de-jean-pierre-pernaut\" rel=\"nofollow noopener\" target=\"_blank\"> Cyril Hanouna<\/a> a dit son dernier mot puisqu\u2019il animait Touche pas \u00e0 mon poste en live streaming durant plusieurs semaines. Apr\u00e8s la fin de cette aventure, Baba a trouv\u00e9 une autre solution pour retrouver ses fanzouzes puisqu\u2019il a rejoint le groupe M6.<\/p>\n<p>Ainsi, Cyril Hanouna va revenir avec un nouveau talk baptis\u00e9 Tout beau, tout n9uf. En juin dernier, il avait profit\u00e9 de son \u00e9mission sur Europe 1 pour donner des informations suppl\u00e9mentaires sur le programme qui d\u00e9barquera d\u00e8s septembre 2025 sur W9 et avait d\u00e9clar\u00e9\u00a0: <strong>\u201cOn ne va pas changer une formule qui marche, \u00e7a va ressembler \u00e9norm\u00e9ment \u00e0 ce que l\u2019on faisait avant, avec beaucoup de divertissement, de d\u00e9bats, de rigolade\u201d.<\/strong><\/p>\n<p>Tout au long du mois d\u2019ao\u00fbt, Cyril Hanouna a balanc\u00e9 des informations concernant Tout beau, tout n9uf notamment concernant son effectif. Ainsi, <strong>on a appris que Jean-Michel Maire ne rejoindrait pas sa table <\/strong>contrairement \u00e0 d\u2019autres visages familiers tels que Val\u00e9rie Benaim, Raymond Aabou, J\u00e9r\u00f4me Anthony ou encore Fabien Lecoeuvre. Ce dernier avait notamment tweet\u00e9 \u00e0 ce sujet\u00a0:<strong> \u00a0\u00ab\u00a0Premiers tournages pour la rentr\u00e9e sous la direction artistique de Kakoumbe et aux c\u00f4t\u00e9s de Raymond, de J\u00e9r\u00f4me Anthony\u2026 et bien s\u00fbr de Cyril Hanouna\u00a0\u00bb<\/strong><\/p>\n<p>Fabien Lecoeuvre balance sur son salaire dans TPMP<\/p>\n<p>A quelques jours de la grande rentr\u00e9e sur W9, Fabien Lacoeuvre a retrouv\u00e9 un autre chroniqueur de Touche pas \u00e0 mon poste : Jordan de Luxe. Dans son \u00e9mission Le jet de luxe, celui-ci s&rsquo;est livr\u00e9 sur son salaire. Alors que son intervieweur lui parlait d&rsquo;une fourchette allant jusqu&rsquo;\u00e0 10 000 euros pour son salaire, le concern\u00e9 a confirm\u00e9 en pr\u00e9cisant : <strong>\u00ab\u00a0Oui, entre dix et quinze mille euros\u00a0\u00bb.<\/strong><\/p>\n<p>Cela dit, Fabien Lecoeuvre a tenu \u00e0 pr\u00e9ciser que le cachet \u00e9tait divis\u00e9 par deux \u00e9tant donn\u00e9 qu&rsquo;il avait une soci\u00e9t\u00e9 et que \u00ab\u00a0personne ne vous paye en salaire maintenant \u00e0 ce prix-l\u00e0\u00a0\u00bb. Somme qu&rsquo;il a d&rsquo;ailleurs justifi\u00e9 en expliquant : <strong>\u00ab\u00a0C\u2019est beaucoup de pr\u00e9paration. Parce qu\u2019on a l\u2019impression qu\u2019on est en impro. Pas du tout. Je travaille l\u2019apr\u00e8s-midi avec mon collaborateur Laurent etc. C\u2019est-\u00e0-dire qu\u2019il faut chercher la bonne histoire.Il faut toujours chercher la bonne anecdote. La bonne histoire. Pas forc\u00e9ment la meilleure histoire mais celle qui va faire r\u00e9agir Cyril\u00a0\u00bb<\/strong>. Sacr\u00e9e somme !<\/p>\n<p>      Mentionn\u00e9s dans cet article<\/p>\n<p>      Sur le m\u00eame sujet<\/p>\n","protected":false},"excerpt":{"rendered":"R\u00e9sum\u00e9 Cyril Hanouna pr\u00e9pare son retour sur W9 avec un nouveau talk-show m\u00ealant divertissement et d\u00e9bats, tandis que&hellip;\n","protected":false},"author":2,"featured_media":339596,"comment_status":"","ping_status":"","sticky":false,"template":"","format":"standard","meta":{"footnotes":""},"categories":[1356],"tags":[58,59,3719,1011,27,252,549,1364],"class_list":{"0":"post-339595","1":"post","2":"type-post","3":"status-publish","4":"format-standard","5":"has-post-thumbnail","7":"category-television","8":"tag-divertissement","9":"tag-entertainment","10":"tag-fabien-lecoeuvre","11":"tag-fr","12":"tag-france","13":"tag-television","14":"tag-touche-pas-a-mon-poste","15":"tag-tv"},"share_on_mastodon":{"url":"https:\/\/pubeurope.com\/@fr\/115080961976752614","error":""},"_links":{"self":[{"href":"https:\/\/www.europesays.com\/fr\/wp-json\/wp\/v2\/posts\/339595","targetHints":{"allow":["GET"]}}],"collection":[{"href":"https:\/\/www.europesays.com\/fr\/wp-json\/wp\/v2\/posts"}],"about":[{"href":"https:\/\/www.europesays.com\/fr\/wp-json\/wp\/v2\/types\/post"}],"author":[{"embeddable":true,"href":"https:\/\/www.europesays.com\/fr\/wp-json\/wp\/v2\/users\/2"}],"replies":[{"embeddable":true,"href":"https:\/\/www.europesays.com\/fr\/wp-json\/wp\/v2\/comments?post=339595"}],"version-history":[{"count":0,"href":"https:\/\/www.europesays.com\/fr\/wp-json\/wp\/v2\/posts\/339595\/revisions"}],"wp:featuredmedia":[{"embeddable":true,"href":"https:\/\/www.europesays.com\/fr\/wp-json\/wp\/v2\/media\/339596"}],"wp:attachment":[{"href":"https:\/\/www.europesays.com\/fr\/wp-json\/wp\/v2\/media?parent=339595"}],"wp:term":[{"taxonomy":"category","embeddable":true,"href":"https:\/\/www.europesays.com\/fr\/wp-json\/wp\/v2\/categories?post=339595"},{"taxonomy":"post_tag","embeddable":true,"href":"https:\/\/www.europesays.com\/fr\/wp-json\/wp\/v2\/tags?post=339595"}],"curies":[{"name":"wp","href":"https:\/\/api.w.org\/{rel}","templated":true}]}}