{"id":339597,"date":"2025-08-24T00:41:14","date_gmt":"2025-08-24T00:41:14","guid":{"rendered":"https:\/\/www.europesays.com\/fr\/339597\/"},"modified":"2025-08-24T00:41:14","modified_gmt":"2025-08-24T00:41:14","slug":"que-devient-sandy-valentino-28-ans-apres-son-tube-pourquoi","status":"publish","type":"post","link":"https:\/\/www.europesays.com\/fr\/339597\/","title":{"rendered":"Que devient Sandy Valentino, 28 ans apr\u00e8s son tube \u00ab\u00a0Pourquoi\u00a0\u00bb ?"},"content":{"rendered":"<p><img decoding=\"async\" src=\"https:\/\/www.europesays.com\/fr\/wp-content\/uploads\/2025\/08\/photo_1755693653.jpg\" class=\"textcenter img-content\" loading=\"lazy\"\/>Bestimage<br \/>\n<br \/>\n\u00ab Pourquoi, pourquoi tout \u00e7a n&rsquo;arrive qu&rsquo;\u00e0 moi \/ Et pourquoi est-il tomb\u00e9 sur moi \/ Mais qu&rsquo;ai-je donc fait, qu&rsquo;ai-je donc fait \/ Pour m\u00e9riter \u00e7a ? \u00bb chantait en 1998 la p\u00e9tillante Sandy Valentino. Avec ce single \u00ab\u00a0Pourquoi\u00a0\u00bb, et ses trois autres titres \u00ab\u00a0Encore\u00a0\u00bb, \u00ab\u00a0Ol\u00e9 Ol\u00e9\u00a0\u00bb et \u00ab\u00a0De la peau\u00a0\u00bb (\u00e9crit par une certaine Lara Fabian), la jeune femme avait \u00e9coul\u00e9 plus de 100.000 exemplaires de son album \u00ab\u00a0La r\u00e9ponse est oui\u00a0\u00bb. Un succ\u00e8s \u00e9clair qui faisait suite \u00e0 son passage tr\u00e8s remarqu\u00e9 dans l&rsquo;\u00e9mission \u00ab\u00a0Graines de star\u00a0\u00bb, pr\u00e9sent\u00e9e par Laurent Boyer sur M6 et <a href=\"https:\/\/www.chartsinfrance.net\/actualite\/news-103835.html\" target=\"_blank\" class=\"spip_out\" rel=\"nofollow noopener\">qui a r\u00e9v\u00e9l\u00e9 de nombreuses autres stars<\/a>. <\/p>\n<p>Le player Dailymotion est en train de se charger&#8230;<\/p>\n<p>Qu&rsquo;est devenue la star des ann\u00e9es 90 ?<br \/>\nLa carri\u00e8re de Sandy Valentino semblait lanc\u00e9e sur de bons rails, mais elle avait pris fin pr\u00e9matur\u00e9ment. Interrog\u00e9e dans le documentaire \u00ab\u00a0Ces stars qui nous manquent\u00a0\u00bb, diffus\u00e9 sur C8 en 2018, la chanteuse avait expliqu\u00e9 pourquoi elle avait, subitement, d\u00e9sert\u00e9 les plateaux t\u00e9l\u00e9 et les studios d&rsquo;enregistrement. \u00ab [J&rsquo;ai connu] deux belles ann\u00e9es charg\u00e9es de souvenirs et d&rsquo;un planning \u00e0 d\u00e9border. Ensuite, il y a eu un petit b\u00e9b\u00e9 en route, et j&rsquo;ai \u00e9t\u00e9 tr\u00e8s malade, j&rsquo;ai eu un cancer qui a fait que je me suis absent\u00e9e pendant un long moment \u00bb avait expliqu\u00e9 l&rsquo;ancienne idole : \u00ab Je suis revenue avec quelques nouveaux titres, je les ai fait \u00e9couter \u00e0 droite et \u00e0 gauche, mais il se trouve que durant la p\u00e9riode pendant laquelle je me suis arr\u00eat\u00e9e, est arriv\u00e9e une chanteuse : la coupe Sandy Valentino, le look Sandy Valentino \u00bb.      <\/p>\n<p>Cette jeune star qui aurait r\u00e9cup\u00e9r\u00e9 le cr\u00e9neau de la chanteuse de \u00ab\u00a0Pourquoi\u00a0\u00bb, <a href=\"https:\/\/www.chartsinfrance.net\/Lorie\/news-131283.html\" target=\"_blank\" class=\"spip_out\" rel=\"nofollow noopener\">c&rsquo;est Lorie<\/a>, dont la carri\u00e8re explose au d\u00e9but des ann\u00e9es 2000. Apr\u00e8s avoir un temps esp\u00e9r\u00e9 sortir un deuxi\u00e8me album, Sandy Valentino avait pr\u00e9f\u00e9r\u00e9 jeter l&rsquo;\u00e9ponge et changer compl\u00e8tement de carri\u00e8re. \u00ab Je me suis dit : \u00ab\u00a0C&rsquo;est pas grave, tu feras autre chose ! Si t&rsquo;es heureuse et que tu es en bonne sant\u00e9&#8230;\u00a0\u00bb \u00bb avait-elle d\u00e9clar\u00e9. Sandy Valentino s&rsquo;\u00e9tait ainsi lanc\u00e9e dans l\u2019entrepreneuriat, et \u00e9tait devenue patronne d&rsquo;un centre d&rsquo;amincissement et \u00e9g\u00e9rie de la marque Weight Watchers. Si elle semble avoir trouv\u00e9 son \u00e9quilibre dans cette nouvelle vie, l&rsquo;ancienne star n&rsquo;en a pas pour autant oubli\u00e9 son amour pour la chanson. En 2019, la Parisienne avait enregistr\u00e9 une nouvelle version de son tube \u00ab\u00a0Pourquoi\u00a0\u00bb, et quelques images de ses sessions de travail avaient \u00e9t\u00e9 diffus\u00e9es sur Instagram. <\/p>\n<blockquote class=\"instagram-media\" data-instgrm-captioned=\"\" data-instgrm-permalink=\"https:\/\/www.instagram.com\/p\/B396Dp5gYGi\/?utm_source=ig_embed&amp;utm_campaign=loading\" data-instgrm-version=\"14\" style=\" background:#FFF; border:0; border-radius:3px; box-shadow:0 0 1px 0 rgba(0,0,0,0.5),0 1px 10px 0 rgba(0,0,0,0.15); margin: 1px; max-width:540px; min-width:326px; padding:0; width:99.375%; width:-webkit-calc(100% - 2px); width:calc(100% - 2px);\"\/>\n<p>En 2020, alors que le monde se trouvait confront\u00e9 \u00e0 la crise du Covid19, Sandy Valentino a sorti le clip \u00ab\u00a0Une femme, un homme\u00a0\u00bb, une chanson rendant hommage aux soignants. Preuve que sa passion pour le chant a toujours gard\u00e9 une place pr\u00e9pond\u00e9rante dans sa vie&#8230;<\/p>\n<p><script async src=\"\/\/www.instagram.com\/embed.js\"><\/script><\/p>\n","protected":false},"excerpt":{"rendered":"Bestimage \u00ab Pourquoi, pourquoi tout \u00e7a n&rsquo;arrive qu&rsquo;\u00e0 moi \/ Et pourquoi est-il tomb\u00e9 sur moi \/ Mais&hellip;\n","protected":false},"author":2,"featured_media":339598,"comment_status":"","ping_status":"","sticky":false,"template":"","format":"standard","meta":{"footnotes":""},"categories":[1355],"tags":[58,59,1011,27,1361,873],"class_list":{"0":"post-339597","1":"post","2":"type-post","3":"status-publish","4":"format-standard","5":"has-post-thumbnail","7":"category-musique","8":"tag-divertissement","9":"tag-entertainment","10":"tag-fr","11":"tag-france","12":"tag-music","13":"tag-musique"},"share_on_mastodon":{"url":"https:\/\/pubeurope.com\/@fr\/115080966076978078","error":""},"_links":{"self":[{"href":"https:\/\/www.europesays.com\/fr\/wp-json\/wp\/v2\/posts\/339597","targetHints":{"allow":["GET"]}}],"collection":[{"href":"https:\/\/www.europesays.com\/fr\/wp-json\/wp\/v2\/posts"}],"about":[{"href":"https:\/\/www.europesays.com\/fr\/wp-json\/wp\/v2\/types\/post"}],"author":[{"embeddable":true,"href":"https:\/\/www.europesays.com\/fr\/wp-json\/wp\/v2\/users\/2"}],"replies":[{"embeddable":true,"href":"https:\/\/www.europesays.com\/fr\/wp-json\/wp\/v2\/comments?post=339597"}],"version-history":[{"count":0,"href":"https:\/\/www.europesays.com\/fr\/wp-json\/wp\/v2\/posts\/339597\/revisions"}],"wp:featuredmedia":[{"embeddable":true,"href":"https:\/\/www.europesays.com\/fr\/wp-json\/wp\/v2\/media\/339598"}],"wp:attachment":[{"href":"https:\/\/www.europesays.com\/fr\/wp-json\/wp\/v2\/media?parent=339597"}],"wp:term":[{"taxonomy":"category","embeddable":true,"href":"https:\/\/www.europesays.com\/fr\/wp-json\/wp\/v2\/categories?post=339597"},{"taxonomy":"post_tag","embeddable":true,"href":"https:\/\/www.europesays.com\/fr\/wp-json\/wp\/v2\/tags?post=339597"}],"curies":[{"name":"wp","href":"https:\/\/api.w.org\/{rel}","templated":true}]}}