{"id":339599,"date":"2025-08-24T00:42:23","date_gmt":"2025-08-24T00:42:23","guid":{"rendered":"https:\/\/www.europesays.com\/fr\/339599\/"},"modified":"2025-08-24T00:42:23","modified_gmt":"2025-08-24T00:42:23","slug":"star-wars-visions-un-premier-poster-pour-la-saison-3","status":"publish","type":"post","link":"https:\/\/www.europesays.com\/fr\/339599\/","title":{"rendered":"Star Wars \u2013 Visions : Un premier poster pour la saison 3 !"},"content":{"rendered":"<p>&#13;<br \/>\n        &#13;<br \/>\n&#13;<br \/>\n        &#13;<br \/>\n&#13;<\/p>\n<p><a href=\"https:\/\/www.europesays.com\/fr\/wp-content\/uploads\/2025\/08\/star-wars-visions-saison-3-news-actu-calendrier.jpg\"><img loading=\"lazy\" decoding=\"async\" src=\"https:\/\/www.europesays.com\/fr\/wp-content\/uploads\/2025\/08\/star-wars-visions-saison-3-news-actu-calendrier.jpg\" alt=\"\" width=\"696\" height=\"258\" class=\"aligncenter size-medium wp-image-275207\"  \/><\/a><\/p>\n<p style=\"text-align: justify;\">Tiens, c\u2019est vrai qu\u2019on avait d\u00e9j\u00e0 la bande annonce, mais pas de poster\u2026 et quoi de mieux qu\u2019un vendredi soir d\u2019ao\u00fbt pour r\u00e9parer cette erreur ? Toujours en pleine Andor-mania suite aux 14 nominations de la s\u00e9rie aux Emmy Awards, Lucasfilm a donc d\u00e9voil\u00e9 l\u2019affiche finale de la saison 3 de <strong>Star Wars : Visions<\/strong>, annonc\u00e9e pour le 29 octobre sur Disney+. Allez, on croise les sabres laser pour des histoires vari\u00e9es qui sortent de l\u2019ordinaire et non une succession d\u2019affrontements Jedi vs. Sith dans un village de la plan\u00e8te J\u2019apon !<\/p>\n<p style=\"text-align: justify;\">Le Volume 3 de Star Wars : Visions est constitu\u00e9 de neuf courts m\u00e9trages produits par des studios japonais : \u2018The Duel : Payback\u2019 de Kamikaze Douga\/Anima, \u2018The Lost Ones\u2019 de Kinema Citrus Co., \u2018The Ninth Jedi : Child of Hope\u2019 de Production IG, \u2018Yuko\u2019s Treasure\u2019 de Kinema Citrus Co., \u2018The Smuggler\u2019 de Trigger, \u2018The Bounty Hunters\u2019 de Wit Studio, \u2018The Song of Four Wings\u2019 de Project Studio Q, \u2018The Bird of Paradise\u2019 de Polygon Pictures et \u2018Black\u2019 de David Production.<\/p>\n<p><a href=\"http:\/\/lestoilesheroiques.fr\/wp-content\/uploads\/2025\/08\/Gy-DIfxboAQJ27j.jpg\" rel=\"nofollow noopener\" target=\"_blank\"><img loading=\"lazy\" decoding=\"async\" src=\"https:\/\/www.europesays.com\/fr\/wp-content\/uploads\/2025\/08\/Gy-DIfxboAQJ27j-580x725.jpg\" alt=\"\" width=\"580\" height=\"725\" class=\"aligncenter size-medium wp-image-282660\"\/><\/a><\/p>\n<p style=\"text-align: center;\">\ufe61\ufe61\ufe61\ufe61\ufe61<\/p>\n<p><a href=\"http:\/\/lestoilesheroiques.fr\/2021\/04\/chronologie-comics-star-wars-canon-panini-liste-ordre.html\" rel=\"nofollow noopener\" target=\"_blank\"><img loading=\"lazy\" decoding=\"async\" class=\"aligncenter size-full wp-image-203493\" src=\"https:\/\/www.europesays.com\/fr\/wp-content\/uploads\/2025\/08\/chronologie-comics-star-wars-canon.jpg\" alt=\"\" width=\"300\" height=\"120\"\/><\/a><\/p>\n<p style=\"text-align: center;\">\ufe61\ufe61\ufe61\ufe61\ufe61<\/p>\n<p><a href=\"https:\/\/amzn.to\/3JypO3L\" target=\"_blank\" rel=\"noopener noreferrer nofollow\"><img loading=\"lazy\" decoding=\"async\" class=\"aligncenter size-medium wp-image-200788\" src=\"https:\/\/www.europesays.com\/fr\/wp-content\/uploads\/2025\/05\/1747098672_910_rappelll.jpg\" alt=\"\" width=\"696\" height=\"73\"\/><\/a><\/p>\n<p>        &#13;<br \/>\n&#13;<br \/>\n&#13;<br \/>\n        &#13;<br \/>\n                        &#13;<br \/>\n            &#13;<br \/>\n&#13;<br \/>\n                        Article pr\u00e9c\u00e9dent<a href=\"http:\/\/lestoilesheroiques.fr\/2025\/08\/peacemaker-votre-avis-sur-lepisode-the-ties-that-grind-2x01-le-teaser-du-prochain-episode.html\" rel=\"nofollow noopener\" target=\"_blank\">Peacemaker : Votre avis sur l\u2019\u00e9pisode \u2018The Ties That Grind\u2019 [2\u00d701] + le teaser du prochain \u00e9pisode !<\/a>                                &#13;<br \/>\n&#13;<\/p>\n","protected":false},"excerpt":{"rendered":"&#13; &#13; &#13; &#13; &#13; Tiens, c\u2019est vrai qu\u2019on avait d\u00e9j\u00e0 la bande annonce, mais pas de poster\u2026&hellip;\n","protected":false},"author":2,"featured_media":339600,"comment_status":"","ping_status":"","sticky":false,"template":"","format":"standard","meta":{"footnotes":""},"categories":[1354],"tags":[58,59,1346,1011,27,1360],"class_list":{"0":"post-339599","1":"post","2":"type-post","3":"status-publish","4":"format-standard","5":"has-post-thumbnail","7":"category-films","8":"tag-divertissement","9":"tag-entertainment","10":"tag-films","11":"tag-fr","12":"tag-france","13":"tag-movies"},"share_on_mastodon":{"url":"https:\/\/pubeurope.com\/@fr\/115080969944390268","error":""},"_links":{"self":[{"href":"https:\/\/www.europesays.com\/fr\/wp-json\/wp\/v2\/posts\/339599","targetHints":{"allow":["GET"]}}],"collection":[{"href":"https:\/\/www.europesays.com\/fr\/wp-json\/wp\/v2\/posts"}],"about":[{"href":"https:\/\/www.europesays.com\/fr\/wp-json\/wp\/v2\/types\/post"}],"author":[{"embeddable":true,"href":"https:\/\/www.europesays.com\/fr\/wp-json\/wp\/v2\/users\/2"}],"replies":[{"embeddable":true,"href":"https:\/\/www.europesays.com\/fr\/wp-json\/wp\/v2\/comments?post=339599"}],"version-history":[{"count":0,"href":"https:\/\/www.europesays.com\/fr\/wp-json\/wp\/v2\/posts\/339599\/revisions"}],"wp:featuredmedia":[{"embeddable":true,"href":"https:\/\/www.europesays.com\/fr\/wp-json\/wp\/v2\/media\/339600"}],"wp:attachment":[{"href":"https:\/\/www.europesays.com\/fr\/wp-json\/wp\/v2\/media?parent=339599"}],"wp:term":[{"taxonomy":"category","embeddable":true,"href":"https:\/\/www.europesays.com\/fr\/wp-json\/wp\/v2\/categories?post=339599"},{"taxonomy":"post_tag","embeddable":true,"href":"https:\/\/www.europesays.com\/fr\/wp-json\/wp\/v2\/tags?post=339599"}],"curies":[{"name":"wp","href":"https:\/\/api.w.org\/{rel}","templated":true}]}}