{"id":339603,"date":"2025-08-24T00:44:11","date_gmt":"2025-08-24T00:44:11","guid":{"rendered":"https:\/\/www.europesays.com\/fr\/339603\/"},"modified":"2025-08-24T00:44:11","modified_gmt":"2025-08-24T00:44:11","slug":"un-message-sans-concertation-avec-ses-dirigeants-la-sortie-surprenante-de-roberto-de-zerbi-sur-le-dossier-rabiot","status":"publish","type":"post","link":"https:\/\/www.europesays.com\/fr\/339603\/","title":{"rendered":"Un message sans concertation avec ses dirigeants ? La sortie surprenante de Roberto De Zerbi sur le dossier Rabiot"},"content":{"rendered":"\n<p>Un message sans concertation avec ses dirigeants  ? La sortie surprenante de Roberto De Zerbi sur le dossier Rabiot<\/p>\n<p>Samedi soir, le technicien italien Roberto De Zerbi a pris tout le monde \u00e0 revers, et peut-\u00eatre m\u00eame sa direction, en tendant la main \u00e0 Adrien Rabiot. Apr\u00e8s avoir fustig\u00e9, vendredi, le comportement du joueur \u00e0 Rennes et les d\u00e9clarations de son entourage.<\/p>\n","protected":false},"excerpt":{"rendered":"Un message sans concertation avec ses dirigeants ? La sortie surprenante de Roberto De Zerbi sur le dossier&hellip;\n","protected":false},"author":2,"featured_media":339604,"comment_status":"","ping_status":"","sticky":false,"template":"","format":"standard","meta":{"footnotes":""},"categories":[9],"tags":[1011,27,60],"class_list":{"0":"post-339603","1":"post","2":"type-post","3":"status-publish","4":"format-standard","5":"has-post-thumbnail","7":"category-sports","8":"tag-fr","9":"tag-france","10":"tag-sports"},"share_on_mastodon":{"url":"https:\/\/pubeurope.com\/@fr\/115080977884776086","error":""},"_links":{"self":[{"href":"https:\/\/www.europesays.com\/fr\/wp-json\/wp\/v2\/posts\/339603","targetHints":{"allow":["GET"]}}],"collection":[{"href":"https:\/\/www.europesays.com\/fr\/wp-json\/wp\/v2\/posts"}],"about":[{"href":"https:\/\/www.europesays.com\/fr\/wp-json\/wp\/v2\/types\/post"}],"author":[{"embeddable":true,"href":"https:\/\/www.europesays.com\/fr\/wp-json\/wp\/v2\/users\/2"}],"replies":[{"embeddable":true,"href":"https:\/\/www.europesays.com\/fr\/wp-json\/wp\/v2\/comments?post=339603"}],"version-history":[{"count":0,"href":"https:\/\/www.europesays.com\/fr\/wp-json\/wp\/v2\/posts\/339603\/revisions"}],"wp:featuredmedia":[{"embeddable":true,"href":"https:\/\/www.europesays.com\/fr\/wp-json\/wp\/v2\/media\/339604"}],"wp:attachment":[{"href":"https:\/\/www.europesays.com\/fr\/wp-json\/wp\/v2\/media?parent=339603"}],"wp:term":[{"taxonomy":"category","embeddable":true,"href":"https:\/\/www.europesays.com\/fr\/wp-json\/wp\/v2\/categories?post=339603"},{"taxonomy":"post_tag","embeddable":true,"href":"https:\/\/www.europesays.com\/fr\/wp-json\/wp\/v2\/tags?post=339603"}],"curies":[{"name":"wp","href":"https:\/\/api.w.org\/{rel}","templated":true}]}}