{"id":339605,"date":"2025-08-24T00:45:14","date_gmt":"2025-08-24T00:45:14","guid":{"rendered":"https:\/\/www.europesays.com\/fr\/339605\/"},"modified":"2025-08-24T00:45:14","modified_gmt":"2025-08-24T00:45:14","slug":"ce-danseur-emblematique-bientot-dans-le-ju","status":"publish","type":"post","link":"https:\/\/www.europesays.com\/fr\/339605\/","title":{"rendered":"ce danseur embl\u00e9matique bient\u00f4t dans le ju &#8230;"},"content":{"rendered":"<p>EN BREF<\/p>\n<ul class=\"bloc_resume_post_list\">\n<li>Christophe Licata est pr\u00e9sent dans DALS depuis la<br \/>\npremi\u00e8re saison.<\/li>\n<li>Il ne refuserait pas d\u2019\u00eatre jury mais ne voudrait pas<br \/>\nprendre la place de quelqu\u2019un.<\/li>\n<li>Il aimerait rester dans l\u2019\u00e9mission le plus longtemps<br \/>\npossible.<\/li>\n<\/ul>\n<p>Le 12 f\u00e9vrier 2011, les t\u00e9l\u00e9spectateurs de TF1 d\u00e9couvraient pour<br \/>\nla premi\u00e8re fois <strong>Danse avec les stars<\/strong>. Adapt\u00e9 du<br \/>\nformat britannique Strictly Come Dancing, le programme<br \/>\nr\u00e9unit chaque saison plusieurs c\u00e9l\u00e9brit\u00e9s issues d\u2019horizons<br \/>\ndiff\u00e9rents, chanteurs, com\u00e9diens, sportifs, influenceurs, qui se<br \/>\nlancent dans une comp\u00e9tition de danse de salon. Chaque duo, form\u00e9<br \/>\nd\u2019une personnalit\u00e9 et d\u2019un danseur professionnel, doit encha\u00eener<br \/>\nles performances sur le parquet, dans des styles aussi vari\u00e9s que<br \/>\nle tango, le cha-cha, la rumba ou encore le quickstep. Pour<br \/>\nd\u00e9partager les candidats, un jury d\u2019experts note les<br \/>\nprestations.<\/p>\n<p>Parmi les danseurs professionnels, certains sont devenus de<br \/>\nv\u00e9ritables stars, <a href=\"https:\/\/www.telestar.fr\/people\/danse-avec-les-stars-denitsa-ikonomova-bientot-de-retour-elle-repond-1732017\" target=\"_blank\" rel=\"noopener\"><br \/>\ncomme Denitsa Ikonomova,<\/a> qui apr\u00e8s avoir amen\u00e9 plusieurs de ses<br \/>\npartenaires en finale a quitt\u00e9 l\u2019\u00e9mission. <a href=\"https:\/\/www.telestar.fr\/actu_tv\/danse-avec-les-stars-2025-je-me-badigeonne-de-fauve-hautot-confie-une-etonnante-habitude-1710919\" target=\"_blank\" rel=\"noopener\"><br \/>\nOn retrouve aussi Fauve Hautot,<\/a> qui est pass\u00e9e de danseuse \u00e0<br \/>\njury. Et il semblerait qu\u2019un autre danseur attende la m\u00eame<br \/>\nproposition.<\/p>\n<p>Christophe Licata : un nouveau r\u00f4le dans Danse avec les stars<br \/>\n?<\/p>\n<p>Parmi les autres figures qui ont marqu\u00e9 Danse avec les stars se<br \/>\ntrouve sans conteste <strong>Christophe Licata,<\/strong> qui a<br \/>\nr\u00e9cemment sorti <a href=\"https:\/\/www.telestar.fr\/tele_realite\/dals\/dals-2024-christophe-licata-fait-des-revelations-tonitruantes-sur-le-clash-ines-reg-natasha-st-pier-1704615\" target=\"_blank\" rel=\"noopener\"><br \/>\nson livre R\u00e9v\u00e9lation(s)<\/a>. Le mari de Coralie et <a href=\"https:\/\/www.telestar.fr\/tele-realite\/dals\/2017\/danse-avec-les-stars-christophe-licata-devoile-pour-la-premiere-fois-le-visage-de-son-petit-garcon-340006\" target=\"_blank\" rel=\"noopener\"><br \/>\np\u00e8re de Livio<\/a> est <strong>pr\u00e9sent dans l\u2019\u00e9mission depuis la<br \/>\ntoute premi\u00e8re saison.<\/strong> Alors apr\u00e8s quatorze ans \u00e0 faire<br \/>\ndanser ses diverses partenaires, aimerait-il changer de place et<br \/>\nattribuer les notes au lieu d\u2019aller chercher les meilleures ?<br \/>\n\u201c<strong>\u00c7a me fait tr\u00e8s envie, mais je trouve que le jury<br \/>\nactuel est super<\/strong> [Fauve Hautot, Mel Charlot, Jean-Marc<br \/>\nG\u00e9n\u00e9reux et Chris Marques, NDLR]. \u00c7a matche entre eux. Si on me le<br \/>\npropose un jour, je le ferai avec plaisir, car je connais le<br \/>\nprogramme par c\u0153ur\u201d, confie-t-il dans les colonnes de<br \/>\nT\u00e9l\u00e9-Loisirs.<\/p>\n<p>Cependant il pr\u00e9cise : \u201cEn revanche, je ne prendrai pas la<br \/>\nplace de quelqu\u00a0\u00bbun, sauf si l&rsquo;un d&rsquo;entre eux d\u00e9cide de partir. Pour<br \/>\nmoi, c&rsquo;es<a href=\"https:\/\/www.telestar.fr\/tele_realite\/dals-2025-un-nouveau-jure-bien-connu-present-lors-du-prime-du-28-mars-les-candidats-peuvent-trembler-1715476\" target=\"_blank\" rel=\"noopener\">t<br \/>\nle meilleur jury<\/a> qu&rsquo;on ait eu depuis le d\u00e9but du<br \/>\nprogramme.\u201d D\u2019autant plus que ce qu&rsquo;il aime avant tout, c\u2019est<br \/>\nexercer son art : \u201cCe que je pr\u00e9f\u00e8re par-dessus tout, c&rsquo;est<br \/>\ndanser. Je me rends compte aujourd&rsquo;hui que j&rsquo;ai envie de rester<br \/>\ndans ce programme. Je suis l\u00e0 depuis le d\u00e9but et j&rsquo;ai envie d&rsquo;aller<br \/>\njusqu&rsquo;au bout, peu importe mon r\u00f4le.\u201d Que ce soit en tant que<br \/>\njury ou en tant que danseur, il \u00e9met donc ouvertement le souhait de<br \/>\nrester le plus longtemps possible dans le programme.<\/p>\n<p>Christophe Licata retrouve Mayane dans<br \/>\nune autre \u00e9mission<\/p>\n<p>Avant de revenir sur le parquet de Danse avec les stars,<br \/>\n<strong>Christophe Licata \u00e9tait de retour sur le petit<br \/>\n\u00e9cran<\/strong> pour une toute autre \u00e9mission. Le 23 ao\u00fbt, <a href=\"https:\/\/www.telestar.fr\/tele_realite\/fort-boyard-ce-que-christophe-licata-a-cache-a-sa-famille-sur-sa-participation-1735707\" target=\"_blank\" rel=\"noopener\"><br \/>\nil a particip\u00e9 \u00e0 Fort Boyard<\/a> pour la troisi\u00e8me fois. <a href=\"https:\/\/www.telestar.fr\/tele_realite\/plus-difficile-pour-moi-que-pour-elle-christophe-licata-revient-sur-son-elimination-de-dals-2025-avec-mayane-1719221\" target=\"_blank\" rel=\"noopener\"><br \/>\nIl a pu retrouver Mayane,<\/a> qui \u00e9tait sa partenaire de danse dans<br \/>\nla derni\u00e8re saison de DALS.<\/p>\n<p>Il \u00e9tait tr\u00e8s heureux de la retrouver. Un moyen de lui montrer<br \/>\naussi que leur lien allait perdurer.<\/p>\n","protected":false},"excerpt":{"rendered":"EN BREF Christophe Licata est pr\u00e9sent dans DALS depuis la premi\u00e8re saison. Il ne refuserait pas d\u2019\u00eatre jury&hellip;\n","protected":false},"author":2,"featured_media":339606,"comment_status":"","ping_status":"","sticky":false,"template":"","format":"standard","meta":{"footnotes":""},"categories":[8],"tags":[548,194,58,59,1011,27],"class_list":{"0":"post-339605","1":"post","2":"type-post","3":"status-publish","4":"format-standard","5":"has-post-thumbnail","7":"category-divertissement","8":"tag-article-simple","9":"tag-danse-avec-les-stars","10":"tag-divertissement","11":"tag-entertainment","12":"tag-fr","13":"tag-france"},"share_on_mastodon":{"url":"https:\/\/pubeurope.com\/@fr\/115080981695535231","error":""},"_links":{"self":[{"href":"https:\/\/www.europesays.com\/fr\/wp-json\/wp\/v2\/posts\/339605","targetHints":{"allow":["GET"]}}],"collection":[{"href":"https:\/\/www.europesays.com\/fr\/wp-json\/wp\/v2\/posts"}],"about":[{"href":"https:\/\/www.europesays.com\/fr\/wp-json\/wp\/v2\/types\/post"}],"author":[{"embeddable":true,"href":"https:\/\/www.europesays.com\/fr\/wp-json\/wp\/v2\/users\/2"}],"replies":[{"embeddable":true,"href":"https:\/\/www.europesays.com\/fr\/wp-json\/wp\/v2\/comments?post=339605"}],"version-history":[{"count":0,"href":"https:\/\/www.europesays.com\/fr\/wp-json\/wp\/v2\/posts\/339605\/revisions"}],"wp:featuredmedia":[{"embeddable":true,"href":"https:\/\/www.europesays.com\/fr\/wp-json\/wp\/v2\/media\/339606"}],"wp:attachment":[{"href":"https:\/\/www.europesays.com\/fr\/wp-json\/wp\/v2\/media?parent=339605"}],"wp:term":[{"taxonomy":"category","embeddable":true,"href":"https:\/\/www.europesays.com\/fr\/wp-json\/wp\/v2\/categories?post=339605"},{"taxonomy":"post_tag","embeddable":true,"href":"https:\/\/www.europesays.com\/fr\/wp-json\/wp\/v2\/tags?post=339605"}],"curies":[{"name":"wp","href":"https:\/\/api.w.org\/{rel}","templated":true}]}}