{"id":339610,"date":"2025-08-24T00:48:11","date_gmt":"2025-08-24T00:48:11","guid":{"rendered":"https:\/\/www.europesays.com\/fr\/339610\/"},"modified":"2025-08-24T00:48:11","modified_gmt":"2025-08-24T00:48:11","slug":"secouriste-sacrifie-recherches-suspendues-le-calvaire-dune-alpiniste-coincee-a-7-000-metres-daltitude-depuis-onze-jours","status":"publish","type":"post","link":"https:\/\/www.europesays.com\/fr\/339610\/","title":{"rendered":"Secouriste sacrifi\u00e9, recherches suspendues\u2026 Le calvaire d\u2019une alpiniste coinc\u00e9e \u00e0 7\u00a0000 m\u00e8tres d\u2019altitude depuis onze jours"},"content":{"rendered":"<p class=\"paragraph text_align_left lp-f-body-02\">Est-elle toujours en vie ? Les recherches pour retrouver une <a href=\"https:\/\/www.leparisien.fr\/faits-divers\/un-enorme-defi-un-celebre-alpiniste-americain-atteint-de-leucemie-meurt-dun-arret-cardiaque-dans-lhimalaya-a-39-ans-06-05-2025-HIUH62NWANGR7OUQDGAGT6JVWE.php\" target=\"_blank\" rel=\"noreferrer nofollow noopener\">alpiniste<\/a> russe bloqu\u00e9e depuis onze jours en altitude dans les montagnes au Kirghizstan, en Asie centrale, ont \u00e9t\u00e9 suspendues sine die en raison de conditions m\u00e9t\u00e9orologiques, les secouristes qualifiant samedi l\u2019op\u00e9ration d\u2019\u00ab impossible \u00bb.<\/p>\n<p class=\"paragraph text_align_left lp-f-body-02\">Natalia Nagovitsyna s\u2019est cass\u00e9 une jambe le 12 ao\u00fbt lors de l\u2019ascension au Pic Pobeda, le plus haut sommet du Kirghizstan et l\u2019un des plus dangereux en Asie centrale, alors qu\u2019elle se trouvait \u00e0 environ 7 000 m d\u2019altitude, selon les autorit\u00e9s kirghizes.<\/p>\n<p>Un alpiniste se tue en tentant de la sauver<\/p>\n<p class=\"paragraph text_align_left lp-f-body-02\">Un alpiniste italien, Luca Sinigaglia, qui a tent\u00e9 de lui porter secours, <a href=\"https:\/\/www.leparisien.fr\/faits-divers\/elle-se-casse-la-jambe-a-7-000-metres-daltitude-un-alpiniste-repute-se-tue-en-tentant-de-la-sauver-22-08-2025-PZPB4D2KVFGFJM2Q2RLDFMJ4CU.php\" target=\"_blank\" rel=\"noreferrer nofollow noopener\">est d\u00e9c\u00e9d\u00e9 le 15 ao\u00fbt lors d\u2019une escalade<\/a>, et des secouristes italiens se sont rendus sur les lieux pour tenter de r\u00e9cup\u00e9rer son corps, \u00e0 l\u2019aide d\u2019un h\u00e9licopt\u00e8re, selon le minist\u00e8re italien des Affaires \u00e9trang\u00e8res.<\/p>\n<p class=\"paragraph text_align_left lp-f-body-02\">L\u2019op\u00e9ration lanc\u00e9e pour sauver l\u2019alpiniste russe, qui a eu 48 ans le 20 ao\u00fbt selon des m\u00e9dias russes, s\u2019est sold\u00e9e par plusieurs \u00e9checs.<\/p>\n<p class=\"lp-card-podcast-highlighting__title  lp-f-subtitle-05\">[4\/4] C\u00e9cile Vallin, les secrets d\u2019une disparition<\/p>\n<p class=\"lp-card-podcast-highlighting__description lp-f-ui-05\">Crime story raconte chaque semaine les grandes affaires criminelles.<\/p>\n<p><a class=\"lp-card-podcast-highlighting__call-to-action\" data-page-type=\"HP\" data-block-name=\"podcast-highlight\">\u00c9couter<\/a><\/p>\n<p class=\"paragraph text_align_left lp-f-body-02\">Un h\u00e9licopt\u00e8re de sauvetage a ainsi eu un accident dans les montagnes, alors qu\u2019un groupe d\u2019alpinistes a d\u00fb arr\u00eater l\u2019ascension \u00e0 cause d\u2019un grave malaise de leur chef, selon les autorit\u00e9s.<\/p>\n<p>Les temp\u00e9ratures fr\u00f4lent les -30 \u00b0C la nuit<\/p>\n<p class=\"paragraph text_align_left lp-f-body-02\">\u00ab Les conditions m\u00e9t\u00e9orologiques se sont brusquement d\u00e9t\u00e9rior\u00e9es aujourd\u2019hui, donc toutes les op\u00e9rations de secours ont \u00e9t\u00e9 suspendues \u00bb, a indiqu\u00e9 samedi le porte-parole du minist\u00e8re kirghiz des Situations d\u2019urgence, Adil Tchargynov, \u00e0 l\u2019agence de presse russe Ria Novosti.<\/p>\n<p class=\"paragraph text_align_left lp-f-body-02\">Les temp\u00e9ratures fr\u00f4lent actuellement les -30 \u00b0C la nuit au sommet du Pic Pobeda, accompagn\u00e9es de rafales de vent et de temp\u00eates de neige, selon une source au minist\u00e8re kirghiz des Situations d\u2019urgence, cit\u00e9e par l\u2019agence officielle russe Tass. \u00ab Soyons r\u00e9alistes, cette ann\u00e9e, les conditions m\u00e9t\u00e9orologiques ne permettront pas aux secouristes d\u2019acc\u00e9der \u00e0 Nagovitsyna \u00bb, a affirm\u00e9 cette source.<\/p>\n<p>\u00ab Personne n\u2019a jamais \u00e9t\u00e9 \u00e9vacu\u00e9 \u00bb d\u2019une telle altitude dans cette montagne<\/p>\n<p class=\"paragraph text_align_left lp-f-body-02\">Selon Adil Tchargynov, \u00ab tous les alpinistes, tous les experts partagent le point de vue selon lequel elle n\u2019est malheureusement plus en vie \u00bb. \u00ab Nous savons o\u00f9 elle se trouve. Mais il est impossible d\u2019y acc\u00e9der \u00bb, a d\u00e9clar\u00e9 pour sa part, Dmitri Grekov, responsable du camp de base pour le Pic Pobeda, \u00e0 l\u2019agence Tass.<\/p>\n<p class=\"paragraph text_align_left lp-f-body-02\">Selon lui, \u00ab personne n\u2019a jamais \u00e9t\u00e9 \u00e9vacu\u00e9 \u00bb d\u2019une telle altitude dans cette montagne : \u00ab C\u2019est irr\u00e9el de le faire manuellement, seulement en h\u00e9licopt\u00e8re, mais il n\u2019y a pas d\u2019h\u00e9licopt\u00e8res capables de le faire au Kirghizstan. \u00bb<\/p>\n<p class=\"paragraph text_align_left lp-f-body-02\">Le mari de Natalia Nagovitsyna, Sergue\u00ef, passionn\u00e9 d\u2019alpinisme lui aussi, est d\u00e9c\u00e9d\u00e9 d\u2019une apoplexie en 2021, lors de l\u2019ascension \u00e0 Khan Tengri, le plus haut sommet du Kazakhstan, \u00e9galement en Asie centrale, selon des m\u00e9dias russes.<\/p>\n","protected":false},"excerpt":{"rendered":"Est-elle toujours en vie ? Les recherches pour retrouver une alpiniste russe bloqu\u00e9e depuis onze jours en altitude&hellip;\n","protected":false},"author":2,"featured_media":339611,"comment_status":"","ping_status":"","sticky":false,"template":"","format":"standard","meta":{"footnotes":""},"categories":[5],"tags":[11,118,1011,27,14,12,28],"class_list":{"0":"post-339610","1":"post","2":"type-post","3":"status-publish","4":"format-standard","5":"has-post-thumbnail","7":"category-international","8":"tag-actualites","9":"tag-faits-divers","10":"tag-fr","11":"tag-france","12":"tag-international","13":"tag-news","14":"tag-world"},"share_on_mastodon":{"url":"https:\/\/pubeurope.com\/@fr\/115080993407366726","error":""},"_links":{"self":[{"href":"https:\/\/www.europesays.com\/fr\/wp-json\/wp\/v2\/posts\/339610","targetHints":{"allow":["GET"]}}],"collection":[{"href":"https:\/\/www.europesays.com\/fr\/wp-json\/wp\/v2\/posts"}],"about":[{"href":"https:\/\/www.europesays.com\/fr\/wp-json\/wp\/v2\/types\/post"}],"author":[{"embeddable":true,"href":"https:\/\/www.europesays.com\/fr\/wp-json\/wp\/v2\/users\/2"}],"replies":[{"embeddable":true,"href":"https:\/\/www.europesays.com\/fr\/wp-json\/wp\/v2\/comments?post=339610"}],"version-history":[{"count":0,"href":"https:\/\/www.europesays.com\/fr\/wp-json\/wp\/v2\/posts\/339610\/revisions"}],"wp:featuredmedia":[{"embeddable":true,"href":"https:\/\/www.europesays.com\/fr\/wp-json\/wp\/v2\/media\/339611"}],"wp:attachment":[{"href":"https:\/\/www.europesays.com\/fr\/wp-json\/wp\/v2\/media?parent=339610"}],"wp:term":[{"taxonomy":"category","embeddable":true,"href":"https:\/\/www.europesays.com\/fr\/wp-json\/wp\/v2\/categories?post=339610"},{"taxonomy":"post_tag","embeddable":true,"href":"https:\/\/www.europesays.com\/fr\/wp-json\/wp\/v2\/tags?post=339610"}],"curies":[{"name":"wp","href":"https:\/\/api.w.org\/{rel}","templated":true}]}}