{"id":339612,"date":"2025-08-24T00:49:11","date_gmt":"2025-08-24T00:49:11","guid":{"rendered":"https:\/\/www.europesays.com\/fr\/339612\/"},"modified":"2025-08-24T00:49:11","modified_gmt":"2025-08-24T00:49:11","slug":"orly-deux-enfants-se-noient-dans-le-plan-deau-dun-parc-public","status":"publish","type":"post","link":"https:\/\/www.europesays.com\/fr\/339612\/","title":{"rendered":"Orly\u00a0: deux enfants se noient dans le plan d\u2019eau d\u2019un parc public"},"content":{"rendered":"<p class=\"paragraph text_align_left lp-f-body-02\">Deux draps recouvrent les petits corps, entour\u00e9s par le Samu, les pompiers et les policiers, tous boulevers\u00e9s. Ce samedi 21 ao\u00fbt au soir, dans le parc Georges-M\u00e9li\u00e8s \u00e0 Orly, l\u2019horreur vient de frapper. Deux enfants \u00e2g\u00e9s de 3 et 4 ans sont morts en se noyant dans le plan d\u2019eau du site, confirme le parquet de Cr\u00e9teil.<\/p>\n<p class=\"paragraph text_align_left lp-f-body-02\">Le drame est survenu en fin d\u2019apr\u00e8s-midi, pr\u00e9cise une source polici\u00e8re. Les deux gar\u00e7ons habitaient <a href=\"https:\/\/www.leparisien.fr\/val-de-marne-94\/orly-94310\/\" target=\"_self\" rel=\"noopener\">Orly<\/a> et \u00e9taient cousins. Ils se promenaient dans ce vaste espace vert municipal. Pr\u00e8s de cinq hectares de pelouses et bois y entourent une \u00e9l\u00e9gante demeure bourgeoise o\u00f9 s\u00e9journa <a href=\"https:\/\/www.leparisien.fr\/val-de-marne-94\/un-sentiment-d-enorme-gachis-le-coup-de-gueule-du-directeur-de-l-ecole-georges-melies-a-orly-06-04-2021-8430746.php\" target=\"_self\" rel=\"noopener\">le c\u00e9l\u00e8bre r\u00e9alisateur Georges M\u00e9li\u00e8s<\/a>, pionnier du cin\u00e9ma.<\/p>\n<p>Un plan d\u2019eau \u00ab pas ouvert \u00e0 la baignade \u00bb<\/p>\n<p class=\"paragraph text_align_left lp-f-body-02\">Pour une raison inconnue, les enfants se sont retrouv\u00e9s immerg\u00e9s dans le bassin qui fait face \u00e0 la b\u00e2tisse et surnomm\u00e9 le lac des Cygnes. \u00ab Il s\u2019agit d\u2019un plan d\u2019eau purement d\u00e9coratif, qui n\u2019est absolument pas ouvert \u00e0 la baignade \u00bb, pr\u00e9cise la municipalit\u00e9 ce samedi soir.<\/p>\n<p class=\"paragraph text_align_left lp-f-body-02\">Leurs proches les auraient cherch\u00e9s, paniqu\u00e9s. Jusqu\u2019\u00e0 la d\u00e9couverte effroyable. Les secours ont \u00e9t\u00e9 appel\u00e9s et sont arriv\u00e9s rapidement. Selon nos informations, les enfants ont fait l\u2019objet d\u2019une longue r\u00e9animation. Tout a \u00e9t\u00e9 tent\u00e9 pour les sauver, en vain. Leur d\u00e9c\u00e8s a \u00e9t\u00e9 prononc\u00e9 sur place.<\/p>\n<p class=\"paragraph text_align_left lp-f-body-02\">La magistrate de permanence du parquet de Cr\u00e9teil \u00e9tait attendue sur les lieux en d\u00e9but de soir\u00e9e.<\/p>\n<p>Cinq noyades cet \u00e9t\u00e9 dans le Val-de-Marne<\/p>\n<p class=\"paragraph text_align_left lp-f-body-02\">Ce sont les quatri\u00e8me et cinqui\u00e8me noyades qui surviennent dans le Val-de-Marne cet \u00e9t\u00e9. Dimanche 17 ao\u00fbt, <a href=\"https:\/\/www.leparisien.fr\/val-de-marne-94\/val-de-marne-un-adolescent-de-15-ans-se-noie-dans-la-marne-a-joinville-le-pont-18-08-2025-J2UGPCQQAFASXPOCWKXW7VGPUE.php\" target=\"_self\" rel=\"noopener\">un adolescent de 14 ans de Joinville-le-Pont a perdu la vie en se baignant dans la Marne<\/a>, \u00e0 Joinville.<\/p>\n<p class=\"paragraph text_align_left lp-f-body-02\">Mi-ao\u00fbt, c\u2019est <a href=\"https:\/\/www.leparisien.fr\/faits-divers\/il-y-avait-une-activite-nautique-ce-que-lon-sait-apres-la-noyade-de-lenfant-de-11-ans-au-parc-de-choisy-le-roi-13-08-2025-IUM6WEOAMZEUJNVFVZGIBHJ4JM.php\" rel=\"noopener\" target=\"_blank\">un petit Parisien de 11 ans souffrant de troubles autistiques<\/a> qui a \u00e9chapp\u00e9 \u00e0 la surveillance d\u2019une animatrice alors qu\u2019il effectuait une sortie avec son centre de loisirs dans le parc interd\u00e9partemental des sports \u00e0 Choisy-le-Roi. La jeune victime d\u00e9c\u00e9d\u00e9e a \u00e9t\u00e9 retrouv\u00e9e immerg\u00e9e au niveau d\u2019un ponton du bassin de la plaine Nord.<\/p>\n<p class=\"paragraph text_align_left lp-f-body-02\">Et mi-juin, un quadrag\u00e9naire est mort<a href=\"https:\/\/www.leparisien.fr\/val-de-marne-94\/val-de-marne-un-homme-se-noie-dans-la-marne-les-patrouilles-renforcees-17-06-2025-4QSWDUSI5NASJEA6PDNNIWQGCI.php\" rel=\"noopener\" target=\"_blank\"> en se baignant \u00e0 Champigny-sur-Marne<\/a> pr\u00e8s du quai Victor-Hugo et du site de Champigny-Plage. Son corps a \u00e9t\u00e9 rep\u00each\u00e9 \u00e0 5 m de profondeur.<\/p>\n","protected":false},"excerpt":{"rendered":"Deux draps recouvrent les petits corps, entour\u00e9s par le Samu, les pompiers et les policiers, tous boulevers\u00e9s. Ce&hellip;\n","protected":false},"author":2,"featured_media":339613,"comment_status":"","ping_status":"","sticky":false,"template":"","format":"standard","meta":{"footnotes":""},"categories":[4],"tags":[11,118,1011,27,1944,12,25,1125],"class_list":{"0":"post-339612","1":"post","2":"type-post","3":"status-publish","4":"format-standard","5":"has-post-thumbnail","7":"category-france","8":"tag-actualites","9":"tag-faits-divers","10":"tag-fr","11":"tag-france","12":"tag-ma-ville","13":"tag-news","14":"tag-republique-francaise","15":"tag-val-de-marne"},"share_on_mastodon":{"url":"https:\/\/pubeurope.com\/@fr\/115080997383511271","error":""},"_links":{"self":[{"href":"https:\/\/www.europesays.com\/fr\/wp-json\/wp\/v2\/posts\/339612","targetHints":{"allow":["GET"]}}],"collection":[{"href":"https:\/\/www.europesays.com\/fr\/wp-json\/wp\/v2\/posts"}],"about":[{"href":"https:\/\/www.europesays.com\/fr\/wp-json\/wp\/v2\/types\/post"}],"author":[{"embeddable":true,"href":"https:\/\/www.europesays.com\/fr\/wp-json\/wp\/v2\/users\/2"}],"replies":[{"embeddable":true,"href":"https:\/\/www.europesays.com\/fr\/wp-json\/wp\/v2\/comments?post=339612"}],"version-history":[{"count":0,"href":"https:\/\/www.europesays.com\/fr\/wp-json\/wp\/v2\/posts\/339612\/revisions"}],"wp:featuredmedia":[{"embeddable":true,"href":"https:\/\/www.europesays.com\/fr\/wp-json\/wp\/v2\/media\/339613"}],"wp:attachment":[{"href":"https:\/\/www.europesays.com\/fr\/wp-json\/wp\/v2\/media?parent=339612"}],"wp:term":[{"taxonomy":"category","embeddable":true,"href":"https:\/\/www.europesays.com\/fr\/wp-json\/wp\/v2\/categories?post=339612"},{"taxonomy":"post_tag","embeddable":true,"href":"https:\/\/www.europesays.com\/fr\/wp-json\/wp\/v2\/tags?post=339612"}],"curies":[{"name":"wp","href":"https:\/\/api.w.org\/{rel}","templated":true}]}}