{"id":339614,"date":"2025-08-24T00:50:13","date_gmt":"2025-08-24T00:50:13","guid":{"rendered":"https:\/\/www.europesays.com\/fr\/339614\/"},"modified":"2025-08-24T00:50:13","modified_gmt":"2025-08-24T00:50:13","slug":"on-avait-un-peu-de-mal-a-se-comprendre-lois-boisson-se-separe-de-son-entraineur","status":"publish","type":"post","link":"https:\/\/www.europesays.com\/fr\/339614\/","title":{"rendered":"\u00abOn avait un peu de mal \u00e0 se comprendre\u00bb, Lo\u00efs Boisson se s\u00e9pare de son entra\u00eeneur"},"content":{"rendered":"<p>\u00c0 l\u2019US Open, la num\u00e9ro 1 fran\u00e7aise a mis un terme \u00e0 sa collaboration avec Florian Reynet et sera d\u00e9sormais accompagn\u00e9e de Pauline Parmentier.<\/p>\n<p class=\"fig-paragraph\">La num\u00e9ro 1 fran\u00e7aise au classement WTA,\u00a0<a href=\"http:\/\/www.lefigaro.fr\/sports\/tennis\/tennis-avant-l-us-open-lois-boisson-manque-son-retour-sur-les-courts-a-cleveland-20250818\" data-fig-type=\"NewsFlash\" data-gtm-custom-categorie=\"navigation\" data-gtm-custom-action=\"crossclick\" data-gtm-custom-label=\"Contextuel\" data-gtm-event=\"customEventSPE\" data-fig-domain=\"LEFIGARO\" target=\"_blank\" rel=\"noopener\">Lo\u00efs Boisson<\/a>, a mis un terme \u00e0 la collaboration avec son entra\u00eeneur Florian Reynet, a annonc\u00e9 samedi la 46e joueuse mondiale \u00e0 la veille de l&rsquo;US Open. \u00abJe viens d&rsquo;arr\u00eater avec mon entra\u00eeneur, \u00e7a faisait un moment qu&rsquo;on avait un peu de mal \u00e0 se comprendre\u00bb, a d\u00e9clar\u00e9\u00a0<a href=\"http:\/\/www.lefigaro.fr\/sports\/tennis\/tennis-boisson-la-terrienne-s-attaque-au-dur-20250721\" data-fig-type=\"NewsFlash\" data-gtm-custom-categorie=\"navigation\" data-gtm-custom-action=\"crossclick\" data-gtm-custom-label=\"Contextuel\" data-gtm-event=\"customEventSPE\" data-fig-domain=\"LEFIGARO\" target=\"_blank\" rel=\"noopener\">la demi-finaliste du dernier Roland-Garros<\/a>\u00a0lors de la traditionnelle conf\u00e9rence de presse d&rsquo;avant-tournoi. La fin de la collaboration a \u00e9t\u00e9 act\u00e9e apr\u00e8s l&rsquo;\u00e9limination lundi de la Dijonnaise de 22 ans d\u00e8s son entr\u00e9e en lice au WTA 250 de Cleveland.<\/p>\n<p class=\"fig-paragraph\">\u00c0 New York, elle sera accompagn\u00e9e par l&rsquo;ancienne joueuse et actuelle entra\u00eeneuse de l&rsquo;\u00e9quipe de France de Billie Jean King Cup Pauline Parmentier, a-t-elle pr\u00e9cis\u00e9. Avec Florian Reynet, \u00absur certains tournois, on avait besoin \u00e0 un moment donn\u00e9 de se laisser du temps chacun de son c\u00f4t\u00e9. \u00c7a fait d\u00e9j\u00e0 depuis le d\u00e9but de l&rsquo;ann\u00e9e que c&rsquo;\u00e9tait un peu compliqu\u00e9\u00bb, a expliqu\u00e9 Boisson avant son entr\u00e9e en lice \u00e0 New York contre la Suissesse Viktorija Golubic (77e).<\/p>\n<p class=\"fig-body-link\">\n            \u00c0 lire aussi<br \/>\n        <a class=\"fig-body-link__link fig-premium-mark\" href=\"http:\/\/www.lefigaro.fr\/sports\/tennis\/lois-boisson-se-confie-au-figaro-les-nouvelles-attentes-ne-changent-rien-pour-moi-20250823\" data-fig-type=\"Article\" data-gtm-custom-categorie=\"navigation\" data-gtm-custom-action=\"crossclick\" data-gtm-custom-label=\"Contextuel\" data-gtm-event=\"customEventSPE\" data-fig-domain=\"LEFIGARO\" target=\"_blank\" rel=\"noopener\">Avant l\u2019US Open, Lo\u00efs Boisson se confie au Figaro\u00a0: \u00abLes nouvelles attentes ne changent rien pour moi\u00bb<br \/>\n    <\/a>\n<\/p>\n<p>                                    <a class=\"fig-a11y-skip a11y-hidden\" href=\"#fig-a11y-skip-main-inarticle\"><br \/>\n        Passer la publicit\u00e9<br \/>\n    <\/a><\/p>\n<p class=\"fig-paragraph\">\u00abC&rsquo;est pour \u00e7a qu&rsquo;\u00e0 Hambourg\u00bb, o\u00f9 elle a remport\u00e9 en juillet son premier titre WTA, j&rsquo;\u00e9tais partie seule avec Pauline (Parmentier, NDLR). Juste avant Roland-Garros, j&rsquo;avais aussi fait le tournoi de Saint-Gaudens toute seule. \u00abJe le remercie quand m\u00eame pour tout\u00bb, a ajout\u00e9 la Fran\u00e7aise \u00e0 l&rsquo;adresse de Reynet.<\/p>\n<p class=\"fig-paragraph\">\u00abOn a fait quand m\u00eame du bon boulot sur ces derni\u00e8res ann\u00e9es et je lui souhaite le meilleur pour la suite. Comme pour tous les joueurs, des fois il peut y avoir des petits soucis avec telle ou telle personne. Mais on a essay\u00e9 de faire au mieux, on a cherch\u00e9 des solutions toute l&rsquo;ann\u00e9e et on a juste remarqu\u00e9 en arrivant ici que \u00e7a ne pourrait pas forc\u00e9ment continuer\u00bb. Boisson esp\u00e8re d\u00e9sormais \u00abtrouver un voire deux coaches qui peuvent se partager les semaines\u00bb de tournoi. \u00abC&rsquo;\u00e9tait d\u00e9j\u00e0 pr\u00e9vu depuis longtemps d&rsquo;ajouter un autre coach\u00bb, a-t-elle conclu.<\/p>\n","protected":false},"excerpt":{"rendered":"\u00c0 l\u2019US Open, la num\u00e9ro 1 fran\u00e7aise a mis un terme \u00e0 sa collaboration avec Florian Reynet et&hellip;\n","protected":false},"author":2,"featured_media":339615,"comment_status":"","ping_status":"","sticky":false,"template":"","format":"standard","meta":{"footnotes":""},"categories":[2],"tags":[11,1011,27,10535,12,4172],"class_list":{"0":"post-339614","1":"post","2":"type-post","3":"status-publish","4":"format-standard","5":"has-post-thumbnail","7":"category-actualites","8":"tag-actualites","9":"tag-fr","10":"tag-france","11":"tag-lois-boisson","12":"tag-news","13":"tag-us-open"},"share_on_mastodon":{"url":"https:\/\/pubeurope.com\/@fr\/115081001251805393","error":""},"_links":{"self":[{"href":"https:\/\/www.europesays.com\/fr\/wp-json\/wp\/v2\/posts\/339614","targetHints":{"allow":["GET"]}}],"collection":[{"href":"https:\/\/www.europesays.com\/fr\/wp-json\/wp\/v2\/posts"}],"about":[{"href":"https:\/\/www.europesays.com\/fr\/wp-json\/wp\/v2\/types\/post"}],"author":[{"embeddable":true,"href":"https:\/\/www.europesays.com\/fr\/wp-json\/wp\/v2\/users\/2"}],"replies":[{"embeddable":true,"href":"https:\/\/www.europesays.com\/fr\/wp-json\/wp\/v2\/comments?post=339614"}],"version-history":[{"count":0,"href":"https:\/\/www.europesays.com\/fr\/wp-json\/wp\/v2\/posts\/339614\/revisions"}],"wp:featuredmedia":[{"embeddable":true,"href":"https:\/\/www.europesays.com\/fr\/wp-json\/wp\/v2\/media\/339615"}],"wp:attachment":[{"href":"https:\/\/www.europesays.com\/fr\/wp-json\/wp\/v2\/media?parent=339614"}],"wp:term":[{"taxonomy":"category","embeddable":true,"href":"https:\/\/www.europesays.com\/fr\/wp-json\/wp\/v2\/categories?post=339614"},{"taxonomy":"post_tag","embeddable":true,"href":"https:\/\/www.europesays.com\/fr\/wp-json\/wp\/v2\/tags?post=339614"}],"curies":[{"name":"wp","href":"https:\/\/api.w.org\/{rel}","templated":true}]}}