{"id":339616,"date":"2025-08-24T00:52:11","date_gmt":"2025-08-24T00:52:11","guid":{"rendered":"https:\/\/www.europesays.com\/fr\/339616\/"},"modified":"2025-08-24T00:52:11","modified_gmt":"2025-08-24T00:52:11","slug":"lucas-stassin-entretient-le-doute-sur-son-avenir","status":"publish","type":"post","link":"https:\/\/www.europesays.com\/fr\/339616\/","title":{"rendered":"Lucas Stassin entretient le doute sur son avenir"},"content":{"rendered":"<p>R\u00e9v\u00e9lation de Ligue 1 la saison derni\u00e8re avec l\u2019ASSE, <a href=\"https:\/\/www.footmercato.net\/joueur\/lucas-stassin\/\" rel=\"nofollow noopener\" target=\"_blank\">Lucas Stassin<\/a> est \u00e9videmment un joueur courtis\u00e9. Auteur de 14 buts et tout proche de la s\u00e9lection belge, l\u2019attaquant de 20 ans avait notamment \u00e9t\u00e9 cit\u00e9 du c\u00f4t\u00e9 du Paris FC. Si d\u00e9part il devait y avoir, tout devrait s\u2019acc\u00e9l\u00e9rer lors de cette derni\u00e8re semaine de mercato. Et le joueur le sait.<\/p>\n<p>            La suite apr\u00e8s cette publicit\u00e9<\/p>\n<p>Apr\u00e8s la victoire des St\u00e9phanois ce samedi face \u00e0 Boulogne-sur-Mer (0-1), le Belge n\u2019a pas assur\u00e9 qu\u2019il serait encore l\u00e0 dans les prochains mois : \u00abaujourd\u2019hui, je suis encore \u00e0 <a href=\"https:\/\/www.footmercato.net\/club\/asse\/\" rel=\"nofollow noopener\" target=\"_blank\">Saint-\u00c9tienne<\/a>, on verra dans le futur, je donne tout pour l\u2019instant \u00bb, a-t-il confi\u00e9 au micro de beiN.<\/p>\n<p>\n    Pub. le 23\/08\/2025 23:30<br \/>\n            &#8211; MAJ le 24\/08\/2025 02:19\n    <\/p>\n","protected":false},"excerpt":{"rendered":"R\u00e9v\u00e9lation de Ligue 1 la saison derni\u00e8re avec l\u2019ASSE, Lucas Stassin est \u00e9videmment un joueur courtis\u00e9. Auteur de&hellip;\n","protected":false},"author":2,"featured_media":51614,"comment_status":"","ping_status":"","sticky":false,"template":"","format":"standard","meta":{"footnotes":""},"categories":[9653],"tags":[1111,11,2430,1777,674,1011,27,12,25,4001],"class_list":{"0":"post-339616","1":"post","2":"type-post","3":"status-publish","4":"format-standard","5":"has-post-thumbnail","7":"category-saint-etienne","8":"tag-actu","9":"tag-actualites","10":"tag-auvergne-rhone-alpes","11":"tag-eu","12":"tag-europe","13":"tag-fr","14":"tag-france","15":"tag-news","16":"tag-republique-francaise","17":"tag-saint-etienne"},"share_on_mastodon":{"url":"https:\/\/pubeurope.com\/@fr\/115081009059520642","error":""},"_links":{"self":[{"href":"https:\/\/www.europesays.com\/fr\/wp-json\/wp\/v2\/posts\/339616","targetHints":{"allow":["GET"]}}],"collection":[{"href":"https:\/\/www.europesays.com\/fr\/wp-json\/wp\/v2\/posts"}],"about":[{"href":"https:\/\/www.europesays.com\/fr\/wp-json\/wp\/v2\/types\/post"}],"author":[{"embeddable":true,"href":"https:\/\/www.europesays.com\/fr\/wp-json\/wp\/v2\/users\/2"}],"replies":[{"embeddable":true,"href":"https:\/\/www.europesays.com\/fr\/wp-json\/wp\/v2\/comments?post=339616"}],"version-history":[{"count":0,"href":"https:\/\/www.europesays.com\/fr\/wp-json\/wp\/v2\/posts\/339616\/revisions"}],"wp:featuredmedia":[{"embeddable":true,"href":"https:\/\/www.europesays.com\/fr\/wp-json\/wp\/v2\/media\/51614"}],"wp:attachment":[{"href":"https:\/\/www.europesays.com\/fr\/wp-json\/wp\/v2\/media?parent=339616"}],"wp:term":[{"taxonomy":"category","embeddable":true,"href":"https:\/\/www.europesays.com\/fr\/wp-json\/wp\/v2\/categories?post=339616"},{"taxonomy":"post_tag","embeddable":true,"href":"https:\/\/www.europesays.com\/fr\/wp-json\/wp\/v2\/tags?post=339616"}],"curies":[{"name":"wp","href":"https:\/\/api.w.org\/{rel}","templated":true}]}}