{"id":339617,"date":"2025-08-24T00:59:21","date_gmt":"2025-08-24T00:59:21","guid":{"rendered":"https:\/\/www.europesays.com\/fr\/339617\/"},"modified":"2025-08-24T00:59:21","modified_gmt":"2025-08-24T00:59:21","slug":"il-est-diffuse-en-clair-ou-voir-le-match-amical-du-rct-contre-perpignan-ce-vendredi-soir","status":"publish","type":"post","link":"https:\/\/www.europesays.com\/fr\/339617\/","title":{"rendered":"Il est diffus\u00e9 en clair: o\u00f9 voir le match amical du RCT contre Perpignan ce vendredi soir?"},"content":{"rendered":"<p>C\u2019est une nouvelle \u00e9tape dans la pr\u00e9paration des Rouge et Noir. Ce vendredi 22 ao\u00fbt, d\u00e8s 19h30, les hommes de Pierre Mignoni affrontent l\u2019Usap de Franck Az\u00e9ma en terres catalanes, \u00e0 l\u2019occasion de leur premier match amical de l\u2019\u00e9t\u00e9.<\/p>\n<p>Pour ce d\u00e9placement au stade Aim\u00e9-Giral de Perpignan, le staff varois a concoct\u00e9 deux \u00e9quipes, qui disputeront une mi-temps chacune. On y retrouve quelques visages connus de la saison pass\u00e9e (Brennan, Rebbadj, Dr\u00e9an\u2026), mais aussi des recrues (Mercer, Fert\u00e9, Garcia\u2026) et plusieurs jeunes \u00e0 fort potentiel (Tuifua, Cowie, Ametlla, Shioshvili\u2026).<\/p>\n<p>La rencontre sera diffus\u00e9e en direct <a href=\"https:\/\/www.youtube.com\/@RCTRugbyClubToulonnais\" target=\"_blank\" rel=\"noopener nofollow\">sur la cha\u00eene YouTube du RCT<\/a>, comme annonc\u00e9 ce vendredi en fin d\u2019apr\u00e8s-midi par le club au muguet. Nul besoin, donc, d\u2019avoir fait le d\u00e9placement \u00e0 \u00ab\u00a0Perpi\u00a0\u00bb pour observer les premiers pas du Toulon version 2025-2026.<\/p>\n","protected":false},"excerpt":{"rendered":"C\u2019est une nouvelle \u00e9tape dans la pr\u00e9paration des Rouge et Noir. Ce vendredi 22 ao\u00fbt, d\u00e8s 19h30, les&hellip;\n","protected":false},"author":2,"featured_media":339618,"comment_status":"","ping_status":"","sticky":false,"template":"","format":"standard","meta":{"footnotes":""},"categories":[9619],"tags":[1111,11,1777,674,1011,27,12,882,25,479,60,2310],"class_list":{"0":"post-339617","1":"post","2":"type-post","3":"status-publish","4":"format-standard","5":"has-post-thumbnail","7":"category-toulon","8":"tag-actu","9":"tag-actualites","10":"tag-eu","11":"tag-europe","12":"tag-fr","13":"tag-france","14":"tag-news","15":"tag-provence-alpes-cote-dazur","16":"tag-republique-francaise","17":"tag-rugby","18":"tag-sports","19":"tag-toulon"},"share_on_mastodon":{"url":"https:\/\/pubeurope.com\/@fr\/115081036603595417","error":""},"_links":{"self":[{"href":"https:\/\/www.europesays.com\/fr\/wp-json\/wp\/v2\/posts\/339617","targetHints":{"allow":["GET"]}}],"collection":[{"href":"https:\/\/www.europesays.com\/fr\/wp-json\/wp\/v2\/posts"}],"about":[{"href":"https:\/\/www.europesays.com\/fr\/wp-json\/wp\/v2\/types\/post"}],"author":[{"embeddable":true,"href":"https:\/\/www.europesays.com\/fr\/wp-json\/wp\/v2\/users\/2"}],"replies":[{"embeddable":true,"href":"https:\/\/www.europesays.com\/fr\/wp-json\/wp\/v2\/comments?post=339617"}],"version-history":[{"count":0,"href":"https:\/\/www.europesays.com\/fr\/wp-json\/wp\/v2\/posts\/339617\/revisions"}],"wp:featuredmedia":[{"embeddable":true,"href":"https:\/\/www.europesays.com\/fr\/wp-json\/wp\/v2\/media\/339618"}],"wp:attachment":[{"href":"https:\/\/www.europesays.com\/fr\/wp-json\/wp\/v2\/media?parent=339617"}],"wp:term":[{"taxonomy":"category","embeddable":true,"href":"https:\/\/www.europesays.com\/fr\/wp-json\/wp\/v2\/categories?post=339617"},{"taxonomy":"post_tag","embeddable":true,"href":"https:\/\/www.europesays.com\/fr\/wp-json\/wp\/v2\/tags?post=339617"}],"curies":[{"name":"wp","href":"https:\/\/api.w.org\/{rel}","templated":true}]}}