{"id":339621,"date":"2025-08-24T01:08:20","date_gmt":"2025-08-24T01:08:20","guid":{"rendered":"https:\/\/www.europesays.com\/fr\/339621\/"},"modified":"2025-08-24T01:08:20","modified_gmt":"2025-08-24T01:08:20","slug":"un-rouge-et-noir-fraichement-arrivee-deja-proche-dun-depart-vers-la-suisse","status":"publish","type":"post","link":"https:\/\/www.europesays.com\/fr\/339621\/","title":{"rendered":"Un Rouge et Noir fra\u00eechement arriv\u00e9e d\u00e9j\u00e0 proche d&rsquo;un d\u00e9part vers la Suisse"},"content":{"rendered":"<p>                                            Publi\u00e9 le 23\/08\/2025 \u00e0 22h01<br \/>\n                                                                                3 minutes de lecture\n                                                                    <\/p>\n<p>Le mercato estival continue de s\u00a0\u00bbanimer du c\u00f4t\u00e9 du Stade rennais, o\u00f9 les mouvements de joueurs se multiplient \u00e0 l&rsquo;approche du deuxi\u00e8me match de championnat. Selon les informations r\u00e9v\u00e9l\u00e9es par <strong>L&rsquo;\u00c9quipe<\/strong>, <strong>Ibrahim Salah<\/strong> pourrait prochainement quitter la Bretagne pour rejoindre la Suisse et le <strong>FC B\u00e2le<\/strong>. Cette op\u00e9ration s&rsquo;inscrit dans une p\u00e9riode de restructuration pour le club rouge et noir, qui cherche encore \u00e0 finaliser son effectif avant la fermeture du march\u00e9 des transferts. Les dirigeants rennais travaillent simultan\u00e9ment sur plusieurs dossiers, entre arriv\u00e9es potentielles et d\u00e9parts programm\u00e9s, dans l&rsquo;objectif d&rsquo;optimiser leur squad pour la saison \u00e0 venir. Le timing de cette n\u00e9gociation co\u00efncide avec la pr\u00e9paration du d\u00e9placement \u00e0 <strong>Lorient ce dimanche<\/strong>, match crucial pour lancer v\u00e9ritablement la campagne 2024-2025.<\/p>\n<p>                                <img decoding=\"async\" src=\"https:\/\/www.europesays.com\/fr\/wp-content\/uploads\/2025\/04\/1744123449_543_logo.png\" alt=\"Logo\"\/><\/p>\n<p>100\u20ac offerts sur ton 1er pari !<\/p>\n<p>                            <a href=\"https:\/\/bit.ly\/4j5wl4k\" class=\"headband-button\" rel=\"nofollow noopener\" target=\"_blank\">J&rsquo;en profite<\/a><\/p>\n<p>                                                                <img loading=\"lazy\" decoding=\"async\" src=\"https:\/\/www.europesays.com\/fr\/wp-content\/uploads\/2025\/08\/mercato-rennes-un-rouge-et-noir-fraichement-arrivee-deja-proche-d-un-depart-vers-la-suisse.jpg\" alt=\"Illustration : &quot;Mercato Rennes : Un Rouge et Noir fra\u00eechement arriv\u00e9e d\u00e9j\u00e0 proche d'un d\u00e9part vers la Suisse&quot;\" class=\"figure-img img-fluid\" width=\"780\" height=\"478\"\/><\/p>\n<p>                                    \u00a9 Site officiel du Stade Rennais                                <\/p>\n<p>Un transfert en bonne voie vers la Suisse<\/p>\n<p>Les n\u00e9gociations entre le Stade rennais et le <strong>FC B\u00e2le<\/strong> concernant <strong>Ibrahim Salah<\/strong> auraient consid\u00e9rablement progress\u00e9 ces derniers jours. Selon les r\u00e9v\u00e9lations du quotidien sportif, \u00ab\u00a0un accord aurait \u00e9t\u00e9 trouv\u00e9\u00a0\u00bb entre les diff\u00e9rentes parties impliqu\u00e9es dans cette transaction. Cette avanc\u00e9e significative t\u00e9moigne de la volont\u00e9 commune de conclure rapidement cette op\u00e9ration, malgr\u00e9 le fait que le montant n&rsquo;aurait pas filtr\u00e9 dans les m\u00e9dias. Le club suisse, habitu\u00e9 aux recrutements internationaux, semble avoir convaincu le joueur de rejoindre ses rangs pour la suite de sa carri\u00e8re. Cette perspective d&rsquo;\u00e9volution s&rsquo;av\u00e8re particuli\u00e8rement attractive pour Salah, qui pourrait ainsi d\u00e9couvrir un nouveau championnat et relever de nouveaux d\u00e9fis sportifs. L&rsquo;aboutissement de ces discussions permettrait au Stade rennais de finaliser une op\u00e9ration sortante tout en lib\u00e9rant de la masse salariale pour d&rsquo;\u00e9ventuels renforts.<\/p>\n<p>Rennes en qu\u00eate de son futur attaquant<\/p>\n<p>Parall\u00e8lement \u00e0 ce dossier de d\u00e9part, les dirigeants rennais poursuivent activement leurs recherches pour d\u00e9nicher <strong>l&rsquo;attaquant<\/strong> qui viendra compl\u00e9ter leur ligne offensive. Deux profils semblent particuli\u00e8rement retenir l&rsquo;attention du staff technique : <strong>Conrad Harder<\/strong> et <strong>Esteban Lepaul<\/strong>, deux joueurs aux caract\u00e9ristiques diff\u00e9rentes mais susceptibles d&rsquo;apporter la plus-value attendue en attaque. Cette qu\u00eate du buteur id\u00e9al s&rsquo;av\u00e8re cruciale pour les ambitions du club breton, qui souhaite disposer d&rsquo;alternatives cr\u00e9dibles en pointe. Les n\u00e9gociations se poursuivent donc sur plusieurs fronts, t\u00e9moignant de la complexit\u00e9 du march\u00e9 des transferts et de la n\u00e9cessit\u00e9 d&rsquo;anticiper les diff\u00e9rents sc\u00e9narios possibles. L&rsquo;urgence se fait d&rsquo;autant plus sentir que <strong>le deuxi\u00e8me match de la saison se profile<\/strong> rapidement, n\u00e9cessitant un effectif le plus complet possible pour aborder sereinement cette \u00e9ch\u00e9ance importante.<\/p>\n<p>Une pr\u00e9paration qui se poursuit malgr\u00e9 l&rsquo;incertitude<\/p>\n<p>Malgr\u00e9 les sp\u00e9culations entourant son avenir, <strong>Ibrahim Salah<\/strong> continue de faire preuve de professionnalisme en participant normalement aux s\u00e9ances d&rsquo;entra\u00eenement du club. \u00ab\u00a0Ce vendredi matin, le joueur \u00e9tait pr\u00e9sent \u00e0 l&rsquo;entra\u00eenement du SRFC\u00a0\u00bb, confirmant ainsi son engagement tant que sa situation contractuelle n&rsquo;est pas d\u00e9finitivement r\u00e9gl\u00e9e. Cette attitude exemplaire t\u00e9moigne de la maturit\u00e9 du joueur et de son respect envers l&rsquo;institution rennaise. Les prochains jours s&rsquo;annoncent d\u00e9cisifs pour l&rsquo;aboutissement de ce dossier, alors que les <strong>derniers d\u00e9tails administratifs<\/strong> restent \u00e0 finaliser entre les clubs concern\u00e9s.<\/p>\n<p>Ce dimanche, le Stade Rennais devra confirmer son succ\u00e8s contre l\u2019OM \u00e0 l\u2019occasion du derby face \u00e0 Lorient au Moustoir. \u00c0 cette occasion, profitez de 100\u20ac offerts pour votre premi\u00e8re inscription sur Parions Sport en Ligne. <a href=\"http:\/\/bit.ly\/4hgs1yE\" rel=\"nofollow noopener\" target=\"_blank\"><strong>Une victoire du Stade Rennais face au FC Lorient vous rapporte jusqu\u2019\u00e0 255\u20ac !<\/strong><\/a><\/p>\n<p><strong>Pour en profiter, c\u2019est tr\u00e8s simple :<\/strong><\/p>\n<p>&#8211;              Cr\u00e9ez votre compte joueur en seulement 2 \u00e9tapes <a href=\"http:\/\/bit.ly\/4hgs1yE\" rel=\"nofollow noopener\" target=\"_blank\"><strong>ici<\/strong><\/a><\/p>\n<p>&#8211;              R\u00e9alisez votre 1er d\u00e9p\u00f4t puis placez votre 1er pari (Minimum 5\u20ac)<\/p>\n<p>&#8211;              Une fois votre 1er d\u00e9p\u00f4t et votre 1er pari r\u00e9alis\u00e9s, l\u2019int\u00e9gralit\u00e9 du montant de ce 1er pari sera cr\u00e9dit\u00e9e sur votre compte joueur dans la limite de 100\u20ac maximum et sous la forme de cr\u00e9dits de jeu non retirables. Le cr\u00e9dit s\u2019effectuera alors en une seule \u00e9tape et sous 3 jours<\/p>\n<p>Jouer comporte des risques : endettement, d\u00e9pendance\u2026 Appelez le 09 74 75 13 13 (appel non surtax\u00e9)<\/p>\n","protected":false},"excerpt":{"rendered":"Publi\u00e9 le 23\/08\/2025 \u00e0 22h01 3 minutes de lecture Le mercato estival continue de s\u00a0\u00bbanimer du c\u00f4t\u00e9 du&hellip;\n","protected":false},"author":2,"featured_media":339622,"comment_status":"","ping_status":"","sticky":false,"template":"","format":"standard","meta":{"footnotes":""},"categories":[2821],"tags":[1111,11,829,1777,674,1011,27,12,584,25],"class_list":{"0":"post-339621","1":"post","2":"type-post","3":"status-publish","4":"format-standard","5":"has-post-thumbnail","7":"category-rennes","8":"tag-actu","9":"tag-actualites","10":"tag-bretagne","11":"tag-eu","12":"tag-europe","13":"tag-fr","14":"tag-france","15":"tag-news","16":"tag-rennes","17":"tag-republique-francaise"},"share_on_mastodon":{"url":"https:\/\/pubeurope.com\/@fr\/115081073213101354","error":""},"_links":{"self":[{"href":"https:\/\/www.europesays.com\/fr\/wp-json\/wp\/v2\/posts\/339621","targetHints":{"allow":["GET"]}}],"collection":[{"href":"https:\/\/www.europesays.com\/fr\/wp-json\/wp\/v2\/posts"}],"about":[{"href":"https:\/\/www.europesays.com\/fr\/wp-json\/wp\/v2\/types\/post"}],"author":[{"embeddable":true,"href":"https:\/\/www.europesays.com\/fr\/wp-json\/wp\/v2\/users\/2"}],"replies":[{"embeddable":true,"href":"https:\/\/www.europesays.com\/fr\/wp-json\/wp\/v2\/comments?post=339621"}],"version-history":[{"count":0,"href":"https:\/\/www.europesays.com\/fr\/wp-json\/wp\/v2\/posts\/339621\/revisions"}],"wp:featuredmedia":[{"embeddable":true,"href":"https:\/\/www.europesays.com\/fr\/wp-json\/wp\/v2\/media\/339622"}],"wp:attachment":[{"href":"https:\/\/www.europesays.com\/fr\/wp-json\/wp\/v2\/media?parent=339621"}],"wp:term":[{"taxonomy":"category","embeddable":true,"href":"https:\/\/www.europesays.com\/fr\/wp-json\/wp\/v2\/categories?post=339621"},{"taxonomy":"post_tag","embeddable":true,"href":"https:\/\/www.europesays.com\/fr\/wp-json\/wp\/v2\/tags?post=339621"}],"curies":[{"name":"wp","href":"https:\/\/api.w.org\/{rel}","templated":true}]}}