{"id":339623,"date":"2025-08-24T01:09:45","date_gmt":"2025-08-24T01:09:45","guid":{"rendered":"https:\/\/www.europesays.com\/fr\/339623\/"},"modified":"2025-08-24T01:09:45","modified_gmt":"2025-08-24T01:09:45","slug":"soiree-blanche-aux-aviateurs-soirees-strasbourg","status":"publish","type":"post","link":"https:\/\/www.europesays.com\/fr\/339623\/","title":{"rendered":"Soir\u00e9e blanche aux Aviateurs, Soir\u00e9es Strasbourg"},"content":{"rendered":"<p class=\"fw-bold font-size-16 my-1\"> Le 22\/09\/2023<\/p>\n<p class=\"fw-bold font-size-16 my-1\"> <a class=\"mr-2\" href=\"https:\/\/www.jds.fr\/strasbourg\/bar-et-cafe\/les-aviateurs-8090_L\" rel=\"nofollow noopener\" target=\"_blank\">Les Aviateurs<\/a> | <a href=\"https:\/\/www.jds.fr\/strasbourg\/\" rel=\"nofollow noopener\" target=\"_blank\">Strasbourg<\/a><\/p>\n<p class=\"fw-bold font-size-16 my-1\"> Gratuit <\/p>\n<p>Par\u00e9 au d\u00e9collage\u00a0! \u00a0\u00a0<br \/>Embarquez pour Ibiza.<br \/>L&rsquo;\u00e9quipage des Aviateurs vous propose de prolonger votre \u00e9t\u00e9 en participant \u00e0 une c\u00e9l\u00e8bre soir\u00e9e blanche. La t\u00eate dans le sud, les pieds \u00e0 Strasbourg. On rel\u00e8ve le d\u00e9fi de rallonger un peu l&rsquo;\u00e9t\u00e9\u00a0?<br \/>Tout est dans le titre\u00a0: ce vendredi 22 septembre, on vous attend d\u00e8s 22h dans vos plus belles tenues blanches\u00a0! Ambiance caliente garantie \u00a0<\/p>\n<p>Rendez-vous le vendredi 22\/09\/2023 de 22h \u00e0 4h<br \/>Pour toute demande de r\u00e9servation, envoyez-nous un mail \u00e0\u00a0: <a href=\"https:\/\/www.jds.fr\/strasbourg\/soirees\/mailto:contact@les-aviateurs.com\" rel=\"nofollow noopener\" target=\"_blank\">contact@les-aviateurs.com<\/a><br \/>\u00a0<\/p>\n<p>12 rue des S\u0153urs \u00e0 Strasbourg<\/p>\n<p>Comment venir aux Aviateurs\u00a0?\u00a0<br \/>Tram C, B, F &#8211; arr\u00eat Gallia<br \/>Bus 10, 30, N2 &#8211; arr\u00eat Saint Guillaume<br \/>Voiture &#8211; parking des Bateliers<br \/>V\u00e9lo &#8211; arceaux rue des S\u0153urs et place du march\u00e9 Gayot<\/p>\n<p>Dans la m\u00eame rubrique<\/p>\n<ul class=\"mt-3 list-unstyled list-articles-v2\">\n<li class=\"col-12 pt-4\" data-view-id-type=\"1\" data-view-id=\"926455\" data-view-bc=\"0\"><a class=\"d-block titre text-black mb-1 mb-md-2\" href=\"https:\/\/www.jds.fr\/strasbourg\/soirees\/les-aperos-du-mannele-926455_A\" rel=\"nofollow noopener\" target=\"_blank\">Les Ap\u00e9ros du M\u00e4nnele<\/a>Jusqu&rsquo;au 25\/09\/2025 StrasbourgLes Ap\u00e9ros du M\u00e4nnele \u2013 tous les jeudis, du 15 mai au 25 septembre\u00a0&#13;<br \/>\nL\u2019afterwork le plus chill de Strasbourg est de retour sur la terrasse du [\u2026]<a class=\"image\" href=\"https:\/\/www.jds.fr\/strasbourg\/soirees\/les-aperos-du-mannele-926455_A\" rel=\"nofollow noopener\" target=\"_blank\"><img decoding=\"async\" loading=\"lazy\" src=\"https:\/\/www.europesays.com\/fr\/wp-content\/uploads\/2025\/08\/0-70346700-1744279215-586633-180-180.webp.webp\" width=\"180\" height=\"180\" alt=\"Les Ap\u00e9ros du M\u00e4nnele\" class=\"border\"\/><\/a><\/li>\n<li class=\"col-12 pt-4\" data-view-id-type=\"1\" data-view-id=\"1007608\" data-view-bc=\"0\"><a class=\"d-block titre text-black mb-1 mb-md-2\" href=\"https:\/\/www.jds.fr\/strasbourg\/soirees\/l-aperitivo-a-l-hotel-maison-rouge-1007608_A\" rel=\"nofollow noopener\" target=\"_blank\">L&rsquo;Aperitivo \u00e0 l&rsquo;H\u00f4tel Maison Rouge<\/a>Jusqu&rsquo;au 30\/09\/2025 StrasbourgBuongiorno Aperitivo\u00a0! Tout commence par un Spritz&#8230;\u00e0 l\u2019H\u00f4tel Maison Rouge\u00a0&#13;<br \/>\nUn verre de vin ou un Spritz et une planchette \u00e0 partager \u2013 [\u2026]<a class=\"image\" href=\"https:\/\/www.jds.fr\/strasbourg\/soirees\/l-aperitivo-a-l-hotel-maison-rouge-1007608_A\" rel=\"nofollow noopener\" target=\"_blank\"><img decoding=\"async\" loading=\"lazy\" src=\"https:\/\/www.europesays.com\/fr\/wp-content\/uploads\/2025\/08\/0-35337200-1748507085-629915-180-180.webp.webp\" width=\"180\" height=\"180\" alt=\"L'Aperitivo \u00e0 l'H\u00f4tel Maison Rouge\" class=\"border\"\/><\/a><\/li>\n<li class=\"li_gp_div\">\n<\/li>\n<li class=\"col-12 pt-4\" data-view-id-type=\"1\" data-view-id=\"928984\" data-view-bc=\"0\"><a class=\"d-block titre text-black mb-1 mb-md-2\" href=\"https:\/\/www.jds.fr\/strasbourg\/soirees\/diner-insolite-aux-pieds-des-alambics-928984_A\" rel=\"nofollow noopener\" target=\"_blank\">D\u00eener Insolite aux pieds des alambics<\/a>Le 28\/08\/2025 Obernai\u00ab La Distillerie Lehmann vous ouvre ses porte pour une exp\u00e9rience gastronomique inoubliable\u00a0! Plongez au c\u0153ur de l\u2019insolite et venez savourer un [\u2026]<a class=\"image\" href=\"https:\/\/www.jds.fr\/strasbourg\/soirees\/diner-insolite-aux-pieds-des-alambics-928984_A\" rel=\"nofollow noopener\" target=\"_blank\"><img decoding=\"async\" loading=\"lazy\" src=\"https:\/\/www.europesays.com\/fr\/wp-content\/uploads\/2025\/08\/0-01536500-1744404125-588164-180-180.webp.webp\" width=\"180\" height=\"180\" alt=\"D\u00eener Insolite aux pieds des alambics\" class=\"border\"\/><\/a><\/li>\n<li class=\"col-12 pt-4\" data-view-id-type=\"1\" data-view-id=\"1109796\" data-view-bc=\"0\"><a class=\"image\" href=\"https:\/\/www.jds.fr\/strasbourg\/soirees\/jam-blue-grass-a-l-oree-85-1109796_A\" rel=\"nofollow noopener\" target=\"_blank\"><img decoding=\"async\" loading=\"lazy\" src=\"https:\/\/www.europesays.com\/fr\/wp-content\/uploads\/2025\/08\/0-60945000-1753778586-684908-180-180.webp.webp\" width=\"180\" height=\"180\" alt=\"Jam blue grass \u00e0 l'Or\u00e9e 85\" class=\"border\"\/><\/a><\/li>\n<li class=\"col-12 pt-4\" data-view-id-type=\"1\" data-view-id=\"1109827\" data-view-bc=\"0\"><a class=\"d-block titre text-black mb-1 mb-md-2\" href=\"https:\/\/www.jds.fr\/strasbourg\/soirees\/diffusion-drag-race-1109827_A\" rel=\"nofollow noopener\" target=\"_blank\">Diffusion &#8211; Drag race<\/a>Du 28\/08\/2025 au 04\/09\/2025<a href=\"https:\/\/www.jds.fr\/strasbourg\/sortie-culturelle\/l-oree-85-15772_L\" class=\"lieu font-size-14 text-gray-700 d-block lh-sm my-1\" rel=\"nofollow noopener\" target=\"_blank\"> L&rsquo;Or\u00e9e 85 &#8211; Strasbourg<\/a>Jeudi, c\u2019est Drag Race\u00a0! \u00a0. Rejoins-nous tous les jeudis pour une soir\u00e9e haute en couleurs avec la diffusion de Drag Race\u00a0!. Strass, perruques XXL, [\u2026]<a class=\"image\" href=\"https:\/\/www.jds.fr\/strasbourg\/soirees\/diffusion-drag-race-1109827_A\" rel=\"nofollow noopener\" target=\"_blank\"><img decoding=\"async\" loading=\"lazy\" src=\"https:\/\/www.europesays.com\/fr\/wp-content\/uploads\/2025\/08\/0-68084400-1753785952-684965-180-180.webp.webp\" width=\"180\" height=\"180\" alt=\"Diffusion - Drag race\" class=\"border\"\/><\/a><\/li>\n<li class=\"li_gp_div li_gp_div_infeed\"\/>\n<li class=\"col-12 pt-4\" data-view-id-type=\"1\" data-view-id=\"1119498\" data-view-bc=\"0\"><a class=\"image\" href=\"https:\/\/www.jds.fr\/strasbourg\/soirees\/rencontres-en-plein-air-avec-noue-a-la-tour-merveilleuse-1119498_A\" rel=\"nofollow noopener\" target=\"_blank\"><img decoding=\"async\" loading=\"lazy\" src=\"https:\/\/www.europesays.com\/fr\/wp-content\/uploads\/2025\/08\/0-83161200-1754561087-690352-180-180.webp.webp\" width=\"180\" height=\"180\" alt=\"Rencontres en plein air avec Nou\u00e9, \u00e0 la Tour Merveilleuse\" class=\"border\"\/><\/a><\/li>\n<li class=\"col-12 pt-4\" data-view-id-type=\"1\" data-view-id=\"1101985\" data-view-bc=\"0\"><a class=\"image\" href=\"https:\/\/www.jds.fr\/strasbourg\/soirees\/diner-insolite-et-symphonie-visuelle-au-cloitre-des-recollets-1101985_A\" rel=\"nofollow noopener\" target=\"_blank\"><img decoding=\"async\" loading=\"lazy\" src=\"https:\/\/www.europesays.com\/fr\/wp-content\/uploads\/2025\/08\/0-79272300-1753189699-680473-180-180.webp.webp\" width=\"180\" height=\"180\" alt=\"D\u00eener Insolite et Symphonie Visuelle au clo\u00eetre des R\u00e9collets\" class=\"border\"\/><\/a><\/li>\n<li class=\"col-12 pt-4\" data-view-id-type=\"1\" data-view-id=\"1101922\" data-view-bc=\"0\"><a class=\"d-block titre text-black mb-1 mb-md-2\" href=\"https:\/\/www.jds.fr\/strasbourg\/soirees\/karaoree-1101922_A\" rel=\"nofollow noopener\" target=\"_blank\">KaraOr\u00e9e<\/a>Le 29\/08\/2025<a href=\"https:\/\/www.jds.fr\/strasbourg\/sortie-culturelle\/l-oree-85-15772_L\" class=\"lieu font-size-14 text-gray-700 d-block lh-sm my-1\" rel=\"nofollow noopener\" target=\"_blank\"> L&rsquo;Or\u00e9e 85 &#8211; Strasbourg<\/a>\u00c9cran tendu, projo en place,\u00a0\u00ab\u00a0allo allo\u00a0\u00bb tests micro et c&rsquo;est parti\u00a0! Venez vous \u00e9gosiller sur vos tubes pr\u00e9f\u00e9r\u00e9s. Venez aussi chanter [\u2026]<a class=\"image\" href=\"https:\/\/www.jds.fr\/strasbourg\/soirees\/karaoree-1101922_A\" rel=\"nofollow noopener\" target=\"_blank\"><img decoding=\"async\" loading=\"lazy\" src=\"https:\/\/www.europesays.com\/fr\/wp-content\/uploads\/2025\/08\/0-96128300-1753177315-680339-180-180.webp.webp\" width=\"180\" height=\"180\" alt=\"KaraOr\u00e9e\" class=\"border\"\/><\/a><\/li>\n<li class=\"col-12 pt-4\" data-view-id-type=\"1\" data-view-id=\"1117296\" data-view-bc=\"0\"><a class=\"d-block titre text-black mb-1 mb-md-2\" href=\"https:\/\/www.jds.fr\/strasbourg\/soirees\/jeux-rencontre-et-apero-ludique-1117296_A\" rel=\"nofollow noopener\" target=\"_blank\">Jeux rencontre et ap\u00e9ro ludique<\/a>Le 30\/08\/2025 BrumathDans un cadre chaleureux et intimiste, venez vivre une fin d\u2019apr\u00e8s-midi conviviale, d\u00e9tendue et remplie de sourires, sp\u00e9cialement pens\u00e9e pour les [\u2026]<a class=\"image\" href=\"https:\/\/www.jds.fr\/strasbourg\/soirees\/jeux-rencontre-et-apero-ludique-1117296_A\" rel=\"nofollow noopener\" target=\"_blank\"><img decoding=\"async\" loading=\"lazy\" src=\"https:\/\/www.europesays.com\/fr\/wp-content\/uploads\/2025\/08\/0-72239000-1754404882-689042-180-180.webp.webp\" width=\"180\" height=\"180\" alt=\"Jeux rencontre et ap\u00e9ro ludique\" class=\"border\"\/><\/a><\/li>\n<li class=\"li_gp_div li_gp_div_infeed\"\/>\n<li class=\"col-12 pt-4\" data-view-id-type=\"1\" data-view-id=\"1122948\" data-view-bc=\"0\"><a class=\"image\" href=\"https:\/\/www.jds.fr\/strasbourg\/soirees\/soiree-nostalgie-80-1122948_A\" rel=\"nofollow noopener\" target=\"_blank\"><img decoding=\"async\" loading=\"lazy\" src=\"https:\/\/www.europesays.com\/fr\/wp-content\/uploads\/2025\/08\/0-24465300-1754829619-692013-180-180.webp.webp\" width=\"180\" height=\"180\" alt=\"soir\u00e9e Nostalgie 80\" class=\"border\"\/><\/a><\/li>\n<li class=\"col-12 pt-4\" data-view-id-type=\"1\" data-view-id=\"1130294\" data-view-bc=\"0\"><a class=\"image\" href=\"https:\/\/www.jds.fr\/strasbourg\/soirees\/les-kneckes-font-la-braderie-de-l-ill-au-troquet-1130294_A\" rel=\"nofollow noopener\" target=\"_blank\"><img decoding=\"async\" loading=\"lazy\" src=\"https:\/\/www.europesays.com\/fr\/wp-content\/uploads\/2025\/08\/0-45419700-1755589032-696367-180-180.webp.webp\" width=\"180\" height=\"180\" alt=\"Les Kneckes font la Braderie de l\u2019Ill au Troquet !\" class=\"border\"\/><\/a><\/li>\n<li class=\"col-12 pt-4\" data-view-id-type=\"1\" data-view-id=\"1132884\" data-view-bc=\"0\"><a class=\"d-block titre text-black mb-1 mb-md-2\" href=\"https:\/\/www.jds.fr\/strasbourg\/soirees\/soiree-accords-mets-et-bieres-1132884_A\" rel=\"nofollow noopener\" target=\"_blank\">Soir\u00e9e Accords Mets &amp; Bi\u00e8res<\/a>Le 10\/09\/2025 StrasbourgLe mercredi 10 septembre 2025, le Village Meteor de la Foire Europ\u00e9enne de Strasbourg accueille une soir\u00e9e in\u00e9dite consacr\u00e9e \u00e0 l\u2019art des [\u2026]<a class=\"image\" href=\"https:\/\/www.jds.fr\/strasbourg\/soirees\/soiree-accords-mets-et-bieres-1132884_A\" rel=\"nofollow noopener\" target=\"_blank\"><img decoding=\"async\" loading=\"lazy\" src=\"https:\/\/www.europesays.com\/fr\/wp-content\/uploads\/2025\/08\/soiree-accords-mets-et-bieres-698271-180-180.webp.webp\" width=\"180\" height=\"180\" alt=\"Soir\u00e9e Accords Mets &amp; Bi\u00e8res\" class=\"border\"\/><\/a><\/li>\n<li class=\"col-12 pt-4\" data-view-id-type=\"1\" data-view-id=\"1121957\" data-view-bc=\"0\"><a class=\"image\" href=\"https:\/\/www.jds.fr\/strasbourg\/soirees\/diner-insolite-en-musique-a-la-brasserie-artisanale-matten-1121957_A\" rel=\"nofollow noopener\" target=\"_blank\"><img decoding=\"async\" loading=\"lazy\" src=\"https:\/\/www.europesays.com\/fr\/wp-content\/uploads\/2025\/08\/0-87775900-1754731918-691546-180-180.webp.webp\" width=\"180\" height=\"180\" alt=\"D\u00eener insolite en musique \u00e0 la Brasserie Artisanale Matten\" class=\"border\"\/><\/a><\/li>\n<li class=\"li_gp_div li_gp_div_infeed\"\/>\n<li class=\"col-12 pt-4\" data-view-id-type=\"1\" data-view-id=\"1131462\" data-view-bc=\"0\"><a class=\"image\" href=\"https:\/\/www.jds.fr\/strasbourg\/soirees\/soiree-de-chansons-francaises-accompagnee-par-un-pianiste-1131462_A\" rel=\"nofollow noopener\" target=\"_blank\"><img decoding=\"async\" loading=\"lazy\" src=\"https:\/\/www.europesays.com\/fr\/wp-content\/uploads\/2025\/08\/0-86200300-1755682549-697194-180-180.webp.webp\" width=\"180\" height=\"180\" alt=\"Soir\u00e9e de chansons fran\u00e7aises accompagn\u00e9e par un pianiste\" class=\"border\"\/><\/a><\/li>\n<li class=\"col-12 pt-4\" data-view-id-type=\"1\" data-view-id=\"1068730\" data-view-bc=\"0\"><a class=\"image\" href=\"https:\/\/www.jds.fr\/strasbourg\/soirees\/top-depart-1068730_A\" rel=\"nofollow noopener\" target=\"_blank\"><img decoding=\"async\" loading=\"lazy\" src=\"https:\/\/www.europesays.com\/fr\/wp-content\/uploads\/2025\/08\/0-78866100-1751444283-664230-180-180.webp.webp\" width=\"180\" height=\"180\" alt=\"Top d\u00e9part\" class=\"border\"\/><\/a><\/li>\n<li class=\"col-12 pt-4\" data-view-id-type=\"1\" data-view-id=\"1131461\" data-view-bc=\"0\"><a class=\"image\" href=\"https:\/\/www.jds.fr\/strasbourg\/soirees\/batogourmand-croisieres-degustations-les-vins-naturels-1131461_A\" rel=\"nofollow noopener\" target=\"_blank\"><img decoding=\"async\" loading=\"lazy\" src=\"https:\/\/www.europesays.com\/fr\/wp-content\/uploads\/2025\/08\/0-11793600-1755682465-697193-180-180.webp.webp\" width=\"180\" height=\"180\" alt=\"BATOGOURMAND - Croisi\u00e8res d\u00e9gustations : Les vins naturels\" class=\"border\"\/><\/a><\/li>\n<li class=\"col-12 pt-4\" data-view-id-type=\"1\" data-view-id=\"1097471\" data-view-bc=\"0\"><a class=\"d-block titre text-black mb-1 mb-md-2\" href=\"https:\/\/www.jds.fr\/strasbourg\/soirees\/jetlag-gang-1097471_A\" rel=\"nofollow noopener\" target=\"_blank\">Jetlag Gang<\/a>Le 10\/10\/2025<a href=\"https:\/\/www.jds.fr\/strasbourg\/salles-spectacle\/la-salamandre-7356_L\" class=\"lieu font-size-14 text-gray-700 d-block lh-sm my-1\" rel=\"nofollow noopener\" target=\"_blank\"> La Salamandre &#8211; Strasbourg<\/a>Le Gang Strasbourgois, votre fiesta favorite, est de retouuuuur pour le volume 3 en octobre\u00a0!<br \/>\nLe vendredi 10 octobre, Le JetLag Gang revient embraser la Salamandre sous le [\u2026]<a class=\"image\" href=\"https:\/\/www.jds.fr\/strasbourg\/soirees\/jetlag-gang-1097471_A\" rel=\"nofollow noopener\" target=\"_blank\"><img decoding=\"async\" loading=\"lazy\" src=\"https:\/\/www.europesays.com\/fr\/wp-content\/uploads\/2025\/08\/JETLAGGANG10102025SEETICKETS_300.jpg\" width=\"180\" height=\"180\" alt=\"Jetlag Gang\"\/><\/a><\/li>\n<li class=\"li_gp_div li_gp_div_infeed\"\/>\n<li class=\"col-12 pt-4\" data-view-id-type=\"1\" data-view-id=\"1102011\" data-view-bc=\"0\"><a class=\"image\" href=\"https:\/\/www.jds.fr\/strasbourg\/soirees\/diner-insolite-opus-experience-immersive-entre-son-saveurs-et-lumieres-1102011_A\" rel=\"nofollow noopener\" target=\"_blank\"><img decoding=\"async\" loading=\"lazy\" src=\"https:\/\/www.europesays.com\/fr\/wp-content\/uploads\/2025\/08\/0-17842000-1753191126-680510-180-180.webp.webp\" width=\"180\" height=\"180\" alt=\"D\u00eener Insolite Opus, exp\u00e9rience immersive entre son, saveurs et lumi\u00e8res\" class=\"border\"\/><\/a><\/li>\n<\/ul>\n<p class=\"font-size-30 fw-bold lh-1 mt-0 mb-4\">Je trouve les meilleures sorties dans ma ville<\/p>\n<p>Les actualit\u00e9s \u00e0  Strasbourg<\/p>\n<ul class=\"mt-3 list-unstyled list-articles-v2\">\n<li class=\"col-12 pt-4\" data-view-id-type=\"1\" data-view-id=\"1131296\" data-view-bc=\"0\"><a class=\"image\" href=\"https:\/\/www.jds.fr\/strasbourg\/magazine\/sorties-du-week-end\/on-fait-quoi-ce-week-end-a-strasbourg-5-idees-du-22-au-24-aout-2025-1131296_A\" rel=\"nofollow noopener\" target=\"_blank\"><img decoding=\"async\" loading=\"lazy\" src=\"https:\/\/www.europesays.com\/fr\/wp-content\/uploads\/2025\/08\/fete-de-la-mirabelle-et-corso-fleuri-a-dorlisheim-1-696940-180-180.webp.webp\" width=\"180\" height=\"180\" alt=\"On fait quoi ce week-end \u00e0 Strasbourg ? 5 id\u00e9es du 22 au 24 ao\u00fbt 2025\" class=\"border\"\/><\/a><\/li>\n<li class=\"col-12 pt-4\" data-view-id-type=\"1\" data-view-id=\"741958\" data-view-bc=\"0\"><a class=\"image\" href=\"https:\/\/www.jds.fr\/strasbourg\/magazine\/actu-magazine\/lunettes-et-style-comment-accessoiriser-vos-tenues-a-strasbourg-741958_A\" rel=\"nofollow noopener\" target=\"_blank\"><img decoding=\"async\" loading=\"lazy\" src=\"https:\/\/www.europesays.com\/fr\/wp-content\/uploads\/2025\/08\/lunettes-et-style-comment-accessoiriser-vos-tenues-484399-180-180.webp.webp\" width=\"180\" height=\"180\" alt=\"Lunettes et style : comment accessoiriser vos tenues \u00e0 Strasbourg ?\" class=\"border\"\/><\/a><\/li>\n<\/ul>\n<p><a href=\"https:\/\/www.jds.fr\/strasbourg\/magazine\/\" class=\"btn btn-outline-primary py-2 px-4\" rel=\"nofollow noopener\" target=\"_blank\">Voir toutes les actualit\u00e9s \u00e0  Strasbourg<\/a><br \/>\n<a class=\"gp_div_clic_event\" data-id=\"3889\" rel=\"nofollow noopener\" href=\"https:\/\/www.jds.fr\/scripts\/gp_div_clic.php?redirection&amp;id=3889&amp;format=18\" target=\"_blank\"><img decoding=\"async\" loading=\"lazy\" src=\"https:\/\/www.europesays.com\/fr\/wp-content\/uploads\/2025\/08\/webanzeige-lebensart-frankreich-300x600px-png-p000752549-24.png\" alt=\"Publicit\u00e9\" border=\"0\" width=\"300\"\/><\/a><\/p>\n<p class=\"mt-0 mb-3 h2\">Newsletter JDS Strasbourg<\/p>\n<p class=\"font-size-18 fw-normal lh-sm\">Pr\u00eat pour un week-end de folie\u00a0? Chaque jeudi tous les bons plans sorties<\/p>\n","protected":false},"excerpt":{"rendered":"Le 22\/09\/2023 Les Aviateurs | Strasbourg Gratuit Par\u00e9 au d\u00e9collage\u00a0! \u00a0\u00a0Embarquez pour Ibiza.L&rsquo;\u00e9quipage des Aviateurs vous propose de&hellip;\n","protected":false},"author":2,"featured_media":40537,"comment_status":"","ping_status":"","sticky":false,"template":"","format":"standard","meta":{"footnotes":""},"categories":[2820],"tags":[1111,11,1777,674,1011,27,775,12,25,640],"class_list":{"0":"post-339623","1":"post","2":"type-post","3":"status-publish","4":"format-standard","5":"has-post-thumbnail","7":"category-strasbourg","8":"tag-actu","9":"tag-actualites","10":"tag-eu","11":"tag-europe","12":"tag-fr","13":"tag-france","14":"tag-grand-est","15":"tag-news","16":"tag-republique-francaise","17":"tag-strasbourg"},"share_on_mastodon":{"url":"https:\/\/pubeurope.com\/@fr\/115081076968418466","error":""},"_links":{"self":[{"href":"https:\/\/www.europesays.com\/fr\/wp-json\/wp\/v2\/posts\/339623","targetHints":{"allow":["GET"]}}],"collection":[{"href":"https:\/\/www.europesays.com\/fr\/wp-json\/wp\/v2\/posts"}],"about":[{"href":"https:\/\/www.europesays.com\/fr\/wp-json\/wp\/v2\/types\/post"}],"author":[{"embeddable":true,"href":"https:\/\/www.europesays.com\/fr\/wp-json\/wp\/v2\/users\/2"}],"replies":[{"embeddable":true,"href":"https:\/\/www.europesays.com\/fr\/wp-json\/wp\/v2\/comments?post=339623"}],"version-history":[{"count":0,"href":"https:\/\/www.europesays.com\/fr\/wp-json\/wp\/v2\/posts\/339623\/revisions"}],"wp:featuredmedia":[{"embeddable":true,"href":"https:\/\/www.europesays.com\/fr\/wp-json\/wp\/v2\/media\/40537"}],"wp:attachment":[{"href":"https:\/\/www.europesays.com\/fr\/wp-json\/wp\/v2\/media?parent=339623"}],"wp:term":[{"taxonomy":"category","embeddable":true,"href":"https:\/\/www.europesays.com\/fr\/wp-json\/wp\/v2\/categories?post=339623"},{"taxonomy":"post_tag","embeddable":true,"href":"https:\/\/www.europesays.com\/fr\/wp-json\/wp\/v2\/tags?post=339623"}],"curies":[{"name":"wp","href":"https:\/\/api.w.org\/{rel}","templated":true}]}}