{"id":339629,"date":"2025-08-24T01:13:23","date_gmt":"2025-08-24T01:13:23","guid":{"rendered":"https:\/\/www.europesays.com\/fr\/339629\/"},"modified":"2025-08-24T01:13:23","modified_gmt":"2025-08-24T01:13:23","slug":"journee-rouge-dans-louest-bouchons-et-ralentissements-autour-dangers-et-de-nantes","status":"publish","type":"post","link":"https:\/\/www.europesays.com\/fr\/339629\/","title":{"rendered":"Journ\u00e9e rouge dans l&rsquo;Ouest, bouchons et ralentissements autour d\u2019Angers et de Nantes"},"content":{"rendered":"<p>Le trafic est particuli\u00e8rement charg\u00e9 autour d\u2019Angers et de Nantes ce samedi 23 juillet, \u00e0 midi. De gros ralentissements perturbent la circulation sur l\u2019A11 et la N165.<\/p>\n<p>\n      L\u2019actu des r\u00e9gions\n    <\/p>\n<p>\n      Chaque jour, un tour d\u2019horizon des principales infos de toutes les r\u00e9gions.\n    <\/p>\n<p>    France T\u00e9l\u00e9visions utilise votre adresse e-mail afin de vous envoyer la newsletter \u00ab\u00a0L\u2019actu des r\u00e9gions\u00a0\u00bb. Vous pouvez vous d\u00e9sinscrire \u00e0 tout moment via le lien en bas de cette newsletter. <a target=\"_blank\" href=\"https:\/\/www.francetelevisions.fr\/groupe\/confidentialite\/politique-de-confidentialite\/politique-de-confidentialite-de-france-televisions-6503\" rel=\"nofollow noopener\">Notre politique de confidentialit\u00e9<\/a><\/p>\n<p data-start=\"127\" data-end=\"333\">Le trafic est dense. Bison Fut\u00e9 a enregistr\u00e9 800 kilom\u00e8tres de bouchons sur toute la France ce samedi 23 juillet, \u00e0 midi. Les vacanciers prenant la route du retour doivent notemment s\u2019armer de patience autour d\u2019Angers et de Nantes.<\/p>\n<p data-start=\"335\" data-end=\"543\">Sur l&rsquo;A11, \u00e0 12h30, plus de 5 kilom\u00e8tres de bouchons sont comptabilis\u00e9s par<a href=\"https:\/\/www.bison-fute.gouv.fr\/maintenant.html\" target=\"_blank\" rel=\"noopener nofollow\"> Bison Fut\u00e9 <\/a>dans le sens Nantes\u2013Paris. La circulation n&rsquo;est pas plus fluide dans le sens inverse : un accident survenu \u00e0 Saint-Sylvain-d\u2019Anjou a entra\u00een\u00e9 la coupure de la route.<\/p>\n<p data-start=\"545\" data-end=\"822\">De gros ralentissements se font \u00e9galement ressentir sur la N165, qui relie la capitale des Ducs \u00e0 la Bretagne.<\/p>\n<p data-start=\"545\" data-end=\"822\">Des bouchons sont aussi pr\u00e9sents sur le p\u00e9riph\u00e9rique nantais : pr\u00e8s de 3 kilom\u00e8tres de voitures s\u2019\u00e9tendent entre la porte d\u2019Orvault et la porte d\u2019Anjou.<\/p>\n","protected":false},"excerpt":{"rendered":"Le trafic est particuli\u00e8rement charg\u00e9 autour d\u2019Angers et de Nantes ce samedi 23 juillet, \u00e0 midi. De gros&hellip;\n","protected":false},"author":2,"featured_media":339630,"comment_status":"","ping_status":"","sticky":false,"template":"","format":"standard","meta":{"footnotes":""},"categories":[2818],"tags":[1111,11,1777,674,1011,27,766,12,2636,25],"class_list":{"0":"post-339629","1":"post","2":"type-post","3":"status-publish","4":"format-standard","5":"has-post-thumbnail","7":"category-nantes","8":"tag-actu","9":"tag-actualites","10":"tag-eu","11":"tag-europe","12":"tag-fr","13":"tag-france","14":"tag-nantes","15":"tag-news","16":"tag-pays-de-la-loire","17":"tag-republique-francaise"},"share_on_mastodon":{"url":"https:\/\/pubeurope.com\/@fr\/115081091757207860","error":""},"_links":{"self":[{"href":"https:\/\/www.europesays.com\/fr\/wp-json\/wp\/v2\/posts\/339629","targetHints":{"allow":["GET"]}}],"collection":[{"href":"https:\/\/www.europesays.com\/fr\/wp-json\/wp\/v2\/posts"}],"about":[{"href":"https:\/\/www.europesays.com\/fr\/wp-json\/wp\/v2\/types\/post"}],"author":[{"embeddable":true,"href":"https:\/\/www.europesays.com\/fr\/wp-json\/wp\/v2\/users\/2"}],"replies":[{"embeddable":true,"href":"https:\/\/www.europesays.com\/fr\/wp-json\/wp\/v2\/comments?post=339629"}],"version-history":[{"count":0,"href":"https:\/\/www.europesays.com\/fr\/wp-json\/wp\/v2\/posts\/339629\/revisions"}],"wp:featuredmedia":[{"embeddable":true,"href":"https:\/\/www.europesays.com\/fr\/wp-json\/wp\/v2\/media\/339630"}],"wp:attachment":[{"href":"https:\/\/www.europesays.com\/fr\/wp-json\/wp\/v2\/media?parent=339629"}],"wp:term":[{"taxonomy":"category","embeddable":true,"href":"https:\/\/www.europesays.com\/fr\/wp-json\/wp\/v2\/categories?post=339629"},{"taxonomy":"post_tag","embeddable":true,"href":"https:\/\/www.europesays.com\/fr\/wp-json\/wp\/v2\/tags?post=339629"}],"curies":[{"name":"wp","href":"https:\/\/api.w.org\/{rel}","templated":true}]}}