{"id":339639,"date":"2025-08-24T01:18:10","date_gmt":"2025-08-24T01:18:10","guid":{"rendered":"https:\/\/www.europesays.com\/fr\/339639\/"},"modified":"2025-08-24T01:18:10","modified_gmt":"2025-08-24T01:18:10","slug":"antoine-dupont-change-dequipe-la-folie-loin-de-toulouse","status":"publish","type":"post","link":"https:\/\/www.europesays.com\/fr\/339639\/","title":{"rendered":"Antoine Dupont change d&rsquo;\u00e9quipe : La folie loin de Toulouse !"},"content":{"rendered":"<p>Thomas Bourseau<\/p>\n<p>                        &#8211;<\/p>\n<p>R\u00e9dacteur<\/p>\n<p>F\u00e9ru de sport, Thomas a grandi entre le ballon rond du football et le orange du basket, ses deux coups de c\u0153ur depuis toujours. Dipl\u00f4m\u00e9 d\u2019un Master et d\u2019une Licence \u00e0 l\u2019Institut Europ\u00e9en du Journalisme de Paris, il suit toujours de tr\u00e8s pr\u00e8s les aventures d\u2019Arsenal et des Los Angeles Lakers.<\/p>\n<p class=\"heading\">Les Jeux Olympiques de Paris 2024 ont permis \u00e0 Antoine Dupont d&rsquo;aller d\u00e9crocher une m\u00e9daille d&rsquo;or olympique au Stade de France quelques mois seulement apr\u00e8s une terrible d\u00e9sillusion avec le XV de France \u00e0 la Coupe du monde en octobre 2023. Une exp\u00e9rience que la star du Stade toulousain se dit pr\u00eate \u00e0 revivre \u00e0 Los Angeles en 2028.\n<\/p>\n<p>Le temps d&rsquo;un \u00e9t\u00e9, <strong>Antoine Dupont <\/strong>a chang\u00e9 ses habitudes. Demi de m\u00eal\u00e9e confirm\u00e9 avec le <strong>XV de France <\/strong>dont il est le capitaine, mais \u00e9galement avec le <strong>Stade toulousain<\/strong>, la star du rugby tricolore est pass\u00e9 \u00e0 7. Avec la d\u00e9l\u00e9gation fran\u00e7aise, <strong>Dupont <\/strong>et sa bande ont renvers\u00e9s les <strong>Iles Fidji<\/strong>, d\u00e9tenteurs de la m\u00e9daille d&rsquo;or \u00e0 <strong>Tokyo 2021<\/strong>. En finale, et alors que les Fidjiens \u00e9taient les favoris de cette \u00e9dition, les <strong>Bleus <\/strong>ont roul\u00e9 sur leurs adversaires du jour le samedi 27 juillet 2024 (28-7) et ont d\u00e9croch\u00e9 l&rsquo;or olympique. <\/p>\n<p>                                            \u00abC\u2019est s\u00fbr que \u00e7a donne envie de rego\u00fbter aux Jeux quand on voit ce qu\u2019on a v\u00e9cu\u00bb<\/p>\n<p>Apr\u00e8s Paris, rendez-vous \u00e0 <strong>Los Angeles <\/strong>en 2028 pour <strong>Antoine Dupont <\/strong>et l&rsquo;<strong>\u00e9quipe de France de rugby \u00e0 7<\/strong> ? Pour Le Parisien, <strong>Dupont <\/strong>s&rsquo;est derni\u00e8rement montr\u00e9 ouvert \u00e0 cette \u00e9ventualit\u00e9 au vu de sa premi\u00e8re exp\u00e9rience r\u00e9ussie l&rsquo;ann\u00e9e derni\u00e8re. \u00ab Est-ce que vous pensez participer aux JO de Los Angeles en 2028 ? Je ne l\u2019exclus pas, mais \u00e7a reste dans longtemps. On verra comment je suis mentalement et physiquement. Mais c\u2019est s\u00fbr que \u00e7a donne envie de rego\u00fbter aux Jeux quand on voit ce qu\u2019on a v\u00e9cu \u00bb.<\/p>\n<p>                                            \u00abCe sont des mecs qui seraient performants, mais il faut qu\u2019ils y passent du temps\u00bb<\/p>\n<p>Seul ou accompagn\u00e9 ? <a href=\"https:\/\/le10sport.com\/omnisport\/ca-a-ete-la-tornade-antoine-dupont-la-soiree-qui-derape-755388\" rel=\"nofollow noopener\" target=\"_blank\">Antoine Dupont<\/a> estime que certains co\u00e9quipiers du <strong>XV de France <\/strong>comme <strong>Damian Penaud <\/strong>ou encore <strong>Louis Bielle<\/strong>&#8211;<strong>Biarrey <\/strong>pourraient \u00eatre de v\u00e9ritables jokers pour la prochaine d\u00e9l\u00e9gation tricolore de rugby \u00e0 7 pour les <strong>JO de Los Angeles 2028<\/strong>. \u00ab C\u2019est tellement compliqu\u00e9 de faire les deux\u2026 Je pense que pas mal vont me poser des questions quand on arrivera en 2027-2028 o\u00f9 il faudra se positionner pour tenter l\u2019aventure. Personne n\u2019y croyait trop quand je me suis lanc\u00e9, mais avec le succ\u00e8s qu\u2019il y a eu apr\u00e8s, \u00e7a peut susciter des vocations. Il y a des profils plus int\u00e9ressants que d\u2019autres. Louis, Damian (Penaud), ce sont des mecs qui seraient performants, mais il faut qu\u2019ils y passent du temps. On a vu des joueurs excellents \u00e0 XV ne pas faire de diff\u00e9rences \u00e0 7. Mais je ne suis pas trop inquiet pour eux \u00bb. <\/p>\n","protected":false},"excerpt":{"rendered":"Thomas Bourseau &#8211; R\u00e9dacteur F\u00e9ru de sport, Thomas a grandi entre le ballon rond du football et le&hellip;\n","protected":false},"author":2,"featured_media":339640,"comment_status":"","ping_status":"","sticky":false,"template":"","format":"standard","meta":{"footnotes":""},"categories":[2816],"tags":[1111,11,1777,674,1011,27,12,2680,25,2312],"class_list":{"0":"post-339639","1":"post","2":"type-post","3":"status-publish","4":"format-standard","5":"has-post-thumbnail","7":"category-toulouse","8":"tag-actu","9":"tag-actualites","10":"tag-eu","11":"tag-europe","12":"tag-fr","13":"tag-france","14":"tag-news","15":"tag-occitanie","16":"tag-republique-francaise","17":"tag-toulouse"},"share_on_mastodon":{"url":"https:\/\/pubeurope.com\/@fr\/115081111514259641","error":""},"_links":{"self":[{"href":"https:\/\/www.europesays.com\/fr\/wp-json\/wp\/v2\/posts\/339639","targetHints":{"allow":["GET"]}}],"collection":[{"href":"https:\/\/www.europesays.com\/fr\/wp-json\/wp\/v2\/posts"}],"about":[{"href":"https:\/\/www.europesays.com\/fr\/wp-json\/wp\/v2\/types\/post"}],"author":[{"embeddable":true,"href":"https:\/\/www.europesays.com\/fr\/wp-json\/wp\/v2\/users\/2"}],"replies":[{"embeddable":true,"href":"https:\/\/www.europesays.com\/fr\/wp-json\/wp\/v2\/comments?post=339639"}],"version-history":[{"count":0,"href":"https:\/\/www.europesays.com\/fr\/wp-json\/wp\/v2\/posts\/339639\/revisions"}],"wp:featuredmedia":[{"embeddable":true,"href":"https:\/\/www.europesays.com\/fr\/wp-json\/wp\/v2\/media\/339640"}],"wp:attachment":[{"href":"https:\/\/www.europesays.com\/fr\/wp-json\/wp\/v2\/media?parent=339639"}],"wp:term":[{"taxonomy":"category","embeddable":true,"href":"https:\/\/www.europesays.com\/fr\/wp-json\/wp\/v2\/categories?post=339639"},{"taxonomy":"post_tag","embeddable":true,"href":"https:\/\/www.europesays.com\/fr\/wp-json\/wp\/v2\/tags?post=339639"}],"curies":[{"name":"wp","href":"https:\/\/api.w.org\/{rel}","templated":true}]}}