{"id":339650,"date":"2025-08-24T01:25:18","date_gmt":"2025-08-24T01:25:18","guid":{"rendered":"https:\/\/www.europesays.com\/fr\/339650\/"},"modified":"2025-08-24T01:25:18","modified_gmt":"2025-08-24T01:25:18","slug":"seduisant-vainqueur-de-metz-lyon-sinstalle-aux-avant-postes","status":"publish","type":"post","link":"https:\/\/www.europesays.com\/fr\/339650\/","title":{"rendered":"s\u00e9duisant vainqueur de Metz, Lyon s\u2019installe aux avant-postes"},"content":{"rendered":"<p>Apr\u00e8s sa victoire en ouverture chez les Lensois (0-1), les Lyonnais ont sign\u00e9 un deuxi\u00e8me (et large) succ\u00e8s ce samedi face aux Messins (3-0).<\/p>\n<p class=\"fig-paragraph\">Lyon a confirm\u00e9 sa bonne entr\u00e9e en mati\u00e8re \u00e0 Lens en ouverture du championnat en battant largement 3-0 le promu Metz, samedi au Groupama Stadium lors de\u00a0<a href=\"https:\/\/www.lefigaro.fr\/sports\/football\/ligue-1\/calendrier-resultats?journee=2\" target=\"_blank\" rel=\"nofollow noopener\" data-gtm-custom-categorie=\"navigation\" data-gtm-custom-action=\"crossclick\" data-gtm-custom-label=\"Contextuel\" data-gtm-event=\"customEventSPE\">la 2e journ\u00e9e de Ligue 1<\/a>, un succ\u00e8s pla\u00e7ant l\u2019OL provisoirement\u00a0<a href=\"https:\/\/www.lefigaro.fr\/sports\/football\/ligue-1\/classement\" target=\"_blank\" rel=\"nofollow noopener\" data-gtm-custom-categorie=\"navigation\" data-gtm-custom-action=\"crossclick\" data-gtm-custom-label=\"Contextuel\" data-gtm-event=\"customEventSPE\">en t\u00eate avec le m\u00eame nombre de points que le PSG<\/a>. Les Lyonnais recevront\u00a0<a href=\"http:\/\/www.lefigaro.fr\/sports\/football\/ligue-1\/ligue-1-apres-l-affaire-rabiot-marseille-se-fait-de-grosses-frayeurs-contre-le-paris-fc-20250823\" data-fig-type=\"NewsFlash\" data-gtm-custom-categorie=\"navigation\" data-gtm-custom-action=\"crossclick\" data-gtm-custom-label=\"Contextuel\" data-gtm-event=\"customEventSPE\" data-fig-domain=\"LEFIGARO\" target=\"_blank\" rel=\"noopener\">Marseille<\/a>\u00a0avec un bon capital confiance le 31 ao\u00fbt pour un premier test qui permettra de juger leur aptitude \u00e0 se m\u00ealer \u00e0 la lutte pour les places europ\u00e9ennes, l\u2019objectif affich\u00e9 du club.<\/p>\n<p class=\"fig-paragraph\">Pour les Messins, 18e et derniers, c\u2019est d\u00e9j\u00e0 la deuxi\u00e8me d\u00e9faite apr\u00e8s celle conc\u00e9d\u00e9e \u00e0 domicile face \u00e0 Strasbourg (1-0). C\u2019est le Belge Malick Fofana qui a ouvert la marque apr\u00e8s un service dans la surface de r\u00e9paration du Tch\u00e8que Pavel Sulc, l\u2019une des recrues de l\u2019intersaison (25e).<\/p>\n<p>                                    <a class=\"fig-a11y-skip a11y-hidden\" href=\"#fig-a11y-skip-main-inarticle\"><br \/>\n        Passer la publicit\u00e9<br \/>\n    <\/a><\/p>\n<p class=\"fig-paragraph\">Fofana, dont l\u2019avenir \u00e0 l\u2019OL reste incertain en raison de sa valeur marchande et des sollicitations dont il fait l\u2019objet, de la part d\u2019Everton notamment, s\u2019\u00e9tait d\u00e9j\u00e0 illustr\u00e9 \u00e0 Lens en d\u00e9livrant une passe d\u00e9cisive \u00e0 Georges Mikautadze, unique buteur du match en Artois. La derni\u00e8re semaine du mercato sera d\u00e9terminante pour savoir s\u2019il effectuera bien la saison avec l\u2019Olympique lyonnais \u00e0 moins d\u2019un an de la Coupe du monde qu\u2019il ambitionne de disputer avec la Belgique.<\/p>\n<p>Bonne adaptation des recrues<\/p>\n<p class=\"fig-paragraph\">Cinq minutes plus tard, Corentin Tolisso a ajout\u00e9 un deuxi\u00e8me but \u00e0 la conclusion d\u2019une belle action collective lanc\u00e9e par l\u2019Anglais Tyler Morton, une autre recrue de l\u2019OL, assez pr\u00e9sent offensivement comme d\u00e9fensivement, qui a servi sur l\u2019aile droite son compatriote Ainsley Maitland-Niles. Le centre de ce dernier a trouv\u00e9 Tolisso qui a repris victorieusement \u00e0 bout portant (30e).<\/p>\n<p class=\"fig-paragraph\">En fin de partie, le Tch\u00e8que Adam Karabec, lui aussi arriv\u00e9 il y a quelques semaines, a port\u00e9 le score \u00e0 3-0 en reprenant un ballon qui avait heurt\u00e9 la barre transversale apr\u00e8s une reprise de la t\u00eate de l\u2019Am\u00e9ricain Tanner Tessmann \u00e0 la suite d\u2019un coup franc (83e). Lyon aurait m\u00eame pu l\u2019emporter plus largement. Si le d\u00e9but de seconde p\u00e9riode a \u00e9t\u00e9 un peu plus difficile, les Lyonnais ont su bien terminer avec un jeu collectif fluide, au sein duquel les nouveaux joueurs, tous jeunes et qui affichent un potentiel certain, semblent s\u2019\u00eatre d\u00e9j\u00e0 bien adapt\u00e9s.<\/p>\n<p class=\"fig-paragraph\">Avant le troisi\u00e8me but, Sulc a manqu\u00e9 le cadre de justesse avant que le gardien lorrain (69e) Jonathan Fischer n\u2019intervienne sur une tentative de Morton (71e) et deux fois devant Mikautadze (72e, 76e). De leur c\u00f4t\u00e9, les Messins, qui ont parfois fait jeu \u00e9gal avec leurs adversaires, ont bien tent\u00e9 de d\u00e9velopper quelques offensives int\u00e9ressantes mais elles ont manqu\u00e9 de percussion devant la d\u00e9fense de l\u2019OL bien organis\u00e9e.<\/p>\n","protected":false},"excerpt":{"rendered":"Apr\u00e8s sa victoire en ouverture chez les Lensois (0-1), les Lyonnais ont sign\u00e9 un deuxi\u00e8me (et large) succ\u00e8s&hellip;\n","protected":false},"author":2,"featured_media":339651,"comment_status":"","ping_status":"","sticky":false,"template":"","format":"standard","meta":{"footnotes":""},"categories":[1889],"tags":[1111,11,2430,1777,674,8113,1011,27,2428,12,978,25],"class_list":{"0":"post-339650","1":"post","2":"type-post","3":"status-publish","4":"format-standard","5":"has-post-thumbnail","7":"category-lyon","8":"tag-actu","9":"tag-actualites","10":"tag-auvergne-rhone-alpes","11":"tag-eu","12":"tag-europe","13":"tag-fc-metz","14":"tag-fr","15":"tag-france","16":"tag-lyon","17":"tag-news","18":"tag-olympique-lyonnais","19":"tag-republique-francaise"},"share_on_mastodon":{"url":"https:\/\/pubeurope.com\/@fr\/115081138826436993","error":""},"_links":{"self":[{"href":"https:\/\/www.europesays.com\/fr\/wp-json\/wp\/v2\/posts\/339650","targetHints":{"allow":["GET"]}}],"collection":[{"href":"https:\/\/www.europesays.com\/fr\/wp-json\/wp\/v2\/posts"}],"about":[{"href":"https:\/\/www.europesays.com\/fr\/wp-json\/wp\/v2\/types\/post"}],"author":[{"embeddable":true,"href":"https:\/\/www.europesays.com\/fr\/wp-json\/wp\/v2\/users\/2"}],"replies":[{"embeddable":true,"href":"https:\/\/www.europesays.com\/fr\/wp-json\/wp\/v2\/comments?post=339650"}],"version-history":[{"count":0,"href":"https:\/\/www.europesays.com\/fr\/wp-json\/wp\/v2\/posts\/339650\/revisions"}],"wp:featuredmedia":[{"embeddable":true,"href":"https:\/\/www.europesays.com\/fr\/wp-json\/wp\/v2\/media\/339651"}],"wp:attachment":[{"href":"https:\/\/www.europesays.com\/fr\/wp-json\/wp\/v2\/media?parent=339650"}],"wp:term":[{"taxonomy":"category","embeddable":true,"href":"https:\/\/www.europesays.com\/fr\/wp-json\/wp\/v2\/categories?post=339650"},{"taxonomy":"post_tag","embeddable":true,"href":"https:\/\/www.europesays.com\/fr\/wp-json\/wp\/v2\/tags?post=339650"}],"curies":[{"name":"wp","href":"https:\/\/api.w.org\/{rel}","templated":true}]}}