{"id":339660,"date":"2025-08-24T01:32:17","date_gmt":"2025-08-24T01:32:17","guid":{"rendered":"https:\/\/www.europesays.com\/fr\/339660\/"},"modified":"2025-08-24T01:32:17","modified_gmt":"2025-08-24T01:32:17","slug":"la-russie-continue-son-grignotage-alors-que-trump-a-invite-poutine-au-mondial-2026-2","status":"publish","type":"post","link":"https:\/\/www.europesays.com\/fr\/339660\/","title":{"rendered":"La Russie continue son grignotage alors que Trump a invit\u00e9 Poutine au mondial 2026"},"content":{"rendered":"<p><strong>R\u00e9cap&rsquo; &#8211; \u00ab\u00a020 Minutes\u00a0\u00bb fait le point pour vous tous les soirs sur le conflit. Ce samedi, la Russie a annonc\u00e9 la prise de deux villages confirmant son avanc\u00e9e sur le terrain<\/strong><\/p>\n<p>Vous avez rat\u00e9 les derniers \u00e9v\u00e9nements sur la <a href=\"https:\/\/www.20minutes.fr\/monde\/ukraine\/?at_medium=RSS%20feed&amp;at_campaign=ynews&amp;utm_source=yahoo&amp;utm_medium=rss&amp;utm_campaign=news_feed&amp;utm_content=in_article_link\" rel=\"nofollow noopener\" target=\"_blank\" data-ylk=\"slk:guerre en Ukraine;elm:context_link;itc:0;sec:content-canvas\" class=\"link \">guerre en Ukraine<\/a>\u00a0? 20 Minutes fait le point pour vous tous les soirs. Voici l\u2019essentiel de ce samedi 23\u00a0ao\u00fbt, au 1.277e jour du conflit.<\/p>\n<p>Le fait du jour<\/p>\n<p>La <a href=\"https:\/\/www.20minutes.fr\/monde\/russie\/?at_medium=RSS%20feed&amp;at_campaign=ynews&amp;utm_source=yahoo&amp;utm_medium=rss&amp;utm_campaign=news_feed&amp;utm_content=in_article_link\" rel=\"nofollow noopener\" target=\"_blank\" data-ylk=\"slk:Russie;elm:context_link;itc:0;sec:content-canvas\" class=\"link \">Russie<\/a> continue de grignoter du terrain sur le front. L\u2019arm\u00e9e russe a revendiqu\u00e9 la prise de deux villages dans la r\u00e9gion de <a href=\"https:\/\/www.20minutes.fr\/dossier\/donetsk?at_medium=RSS%20feed&amp;at_campaign=ynews&amp;utm_source=yahoo&amp;utm_medium=rss&amp;utm_campaign=news_feed&amp;utm_content=in_article_link\" rel=\"nofollow noopener\" target=\"_blank\" data-ylk=\"slk:Donetsk;elm:context_link;itc:0;sec:content-canvas\" class=\"link \">Donetsk<\/a>, dans l\u2019est de l\u2019Ukraine, intensifiant la pression militaire sur le terrain. Dans un communiqu\u00e9 sur Telegram, le minist\u00e8re russe de la D\u00e9fense a affirm\u00e9 avoir captur\u00e9 dans cette r\u00e9gion les localit\u00e9s de Sredne\u00efe et de Kleban-Byk.<\/p>\n<p>La prise de cette derni\u00e8re marque un pas de plus vers la ville de Kostyantynivka, bastion important sur la route de Kramatorsk, point important pour la logistique ukrainienne sur le front de la r\u00e9gion de Donetsk. L\u2019arm\u00e9e russe a accru ses gains territoriaux ces derniers mois face \u00e0 des forces ukrainiennes moins nombreuses et moins bien \u00e9quip\u00e9es.<\/p>\n<p>Ces avanc\u00e9es se produisent au moment o\u00f9 la perspective d\u2019une rencontre entre les pr\u00e9sidents russe et ukrainien, <a href=\"https:\/\/www.20minutes.fr\/monde\/vladimir_poutine\/?at_medium=RSS%20feed&amp;at_campaign=ynews&amp;utm_source=yahoo&amp;utm_medium=rss&amp;utm_campaign=news_feed&amp;utm_content=in_article_link\" rel=\"nofollow noopener\" target=\"_blank\" data-ylk=\"slk:Vladimir Poutine;elm:context_link;itc:0;sec:content-canvas\" class=\"link \">Vladimir Poutine<\/a> et <a href=\"https:\/\/www.20minutes.fr\/monde\/volodymyr-zelensky\/?at_medium=RSS%20feed&amp;at_campaign=ynews&amp;utm_source=yahoo&amp;utm_medium=rss&amp;utm_campaign=news_feed&amp;utm_content=in_article_link\" rel=\"nofollow noopener\" target=\"_blank\" data-ylk=\"slk:Volodymyr Zelensky;elm:context_link;itc:0;sec:content-canvas\" class=\"link \">Volodymyr Zelensky<\/a>, annonc\u00e9e par le dirigeant am\u00e9ricain <a href=\"https:\/\/www.20minutes.fr\/dossier\/donald_trump?at_medium=RSS%20feed&amp;at_campaign=ynews&amp;utm_source=yahoo&amp;utm_medium=rss&amp;utm_campaign=news_feed&amp;utm_content=in_article_link\" rel=\"nofollow noopener\" target=\"_blank\" data-ylk=\"slk:Donald Trump;elm:context_link;itc:0;sec:content-canvas\" class=\"link \">Donald Trump<\/a> et visant \u00e0 trouver un r\u00e8glement pacifique du conflit, s\u2019\u00e9loigne.<\/p>\n<p>La d\u00e9claration du jour<\/p>\n<p>La France a convoqu\u00e9 jeudi l\u2019ambassadrice d\u2019Italie en France, Emanuela D\u2019Alessandro, \u00ab\u00a0\u00e0 la suite des propos inacceptables\u00a0\u00bb tenus par le vice-Premier ministre italien <a href=\"https:\/\/www.20minutes.fr\/monde\/matteo-salvini\/?at_medium=RSS%20feed&amp;at_campaign=ynews&amp;utm_source=yahoo&amp;utm_medium=rss&amp;utm_campaign=news_feed&amp;utm_content=in_article_link\" rel=\"nofollow noopener\" target=\"_blank\" data-ylk=\"slk:Matteo Salvini;elm:context_link;itc:0;sec:content-canvas\" class=\"link \">Matteo Salvini<\/a> \u00e0 l\u2019encontre du pr\u00e9sident <a href=\"https:\/\/www.20minutes.fr\/politique\/emmanuel-macron\/?at_medium=RSS%20feed&amp;at_campaign=ynews&amp;utm_source=yahoo&amp;utm_medium=rss&amp;utm_campaign=news_feed&amp;utm_content=in_article_link\" rel=\"nofollow noopener\" target=\"_blank\" data-ylk=\"slk:Emmanuel Macron;elm:context_link;itc:0;sec:content-canvas\" class=\"link \">Emmanuel Macron<\/a>.<\/p>\n<p>\u00ab\u00a0Il a \u00e9t\u00e9 rappel\u00e9 \u00e0 l\u2019ambassadrice que ces propos allaient \u00e0 l\u2019enc(&#8230;)<\/p>\n<p><a href=\"https:\/\/www.20minutes.fr\/monde\/ukraine\/4169205-20250823-guerre-ukraine-russie-continue-grignotage-alors-trump-invite-poutine-mondial-2026?at_medium=RSS%20feed&amp;at_campaign=ynews&amp;utm_source=yahoo&amp;utm_medium=rss&amp;utm_campaign=news_feed&amp;utm_content=read_more_link&quot;\" rel=\"nofollow noopener\" target=\"_blank\" data-ylk=\"slk:Lire la suite sur 20minutes;elm:context_link;itc:0;sec:content-canvas\" class=\"link \">Lire la suite sur 20minutes<\/a><\/p>\n<p>\u00c0 lire aussi :<br \/><a href=\"https:\/\/www.20minutes.fr\/monde\/ukraine\/4168915-20250822-guerre-ukraine-derriere-tentatives-discussions-ukrainiens-tiennent-ligne-defense-front?at_medium=RSS%20feed&amp;at_campaign=ynews&amp;utm_source=yahoo&amp;utm_medium=rss&amp;utm_campaign=news_feed&amp;utm_content=related_content_link\" rel=\"nofollow noopener\" target=\"_blank\" data-ylk=\"slk:Guerre en Ukraine\u00a0: Derri\u00e8re des tentatives de discussions, les Ukrainiens \u00ab\u00a0tiennent la ligne\u00a0\u00bb de d\u00e9fense sur le front;elm:context_link;itc:0;sec:content-canvas\" class=\"link \">Guerre en Ukraine\u00a0: Derri\u00e8re des tentatives de discussions, les Ukrainiens \u00ab\u00a0tiennent la ligne\u00a0\u00bb de d\u00e9fense sur le front<\/a><br \/><a href=\"https:\/\/www.20minutes.fr\/monde\/ukraine\/4168726-20250820-guerre-ukraine-moscou-budapest-geneve-surprise-ville-sommet-entre-poutine-zelensky?at_medium=RSS%20feed&amp;at_campaign=ynews&amp;utm_source=yahoo&amp;utm_medium=rss&amp;utm_campaign=news_feed&amp;utm_content=related_content_link\" rel=\"nofollow noopener\" target=\"_blank\" data-ylk=\"slk:Guerre en Ukraine\u00a0: Moscou, Budapest, Gen\u00e8ve ou une surprise\u2026 Quelle ville pour un sommet entre Poutine et Zelensky\u00a0?;elm:context_link;itc:0;sec:content-canvas\" class=\"link \">Guerre en Ukraine\u00a0: Moscou, Budapest, Gen\u00e8ve ou une surprise\u2026 Quelle ville pour un sommet entre Poutine et Zelensky\u00a0?<\/a><\/p>\n","protected":false},"excerpt":{"rendered":"R\u00e9cap&rsquo; &#8211; \u00ab\u00a020 Minutes\u00a0\u00bb fait le point pour vous tous les soirs sur le conflit. Ce samedi, la&hellip;\n","protected":false},"author":2,"featured_media":339661,"comment_status":"","ping_status":"","sticky":false,"template":"","format":"standard","meta":{"footnotes":""},"categories":[1591],"tags":[642,11,1887,2794,12,47561,1885,1886,132,135],"class_list":{"0":"post-339660","1":"post","2":"type-post","3":"status-publish","4":"format-standard","5":"has-post-thumbnail","7":"category-russie","8":"tag-20-minutes","9":"tag-actualites","10":"tag-federation-de-russie","11":"tag-la-region","12":"tag-news","13":"tag-presidents-russe","14":"tag-russia","15":"tag-russian-federation","16":"tag-russie","17":"tag-vladimir-poutine"},"share_on_mastodon":{"url":"https:\/\/pubeurope.com\/@fr\/115081166511990468","error":""},"_links":{"self":[{"href":"https:\/\/www.europesays.com\/fr\/wp-json\/wp\/v2\/posts\/339660","targetHints":{"allow":["GET"]}}],"collection":[{"href":"https:\/\/www.europesays.com\/fr\/wp-json\/wp\/v2\/posts"}],"about":[{"href":"https:\/\/www.europesays.com\/fr\/wp-json\/wp\/v2\/types\/post"}],"author":[{"embeddable":true,"href":"https:\/\/www.europesays.com\/fr\/wp-json\/wp\/v2\/users\/2"}],"replies":[{"embeddable":true,"href":"https:\/\/www.europesays.com\/fr\/wp-json\/wp\/v2\/comments?post=339660"}],"version-history":[{"count":0,"href":"https:\/\/www.europesays.com\/fr\/wp-json\/wp\/v2\/posts\/339660\/revisions"}],"wp:featuredmedia":[{"embeddable":true,"href":"https:\/\/www.europesays.com\/fr\/wp-json\/wp\/v2\/media\/339661"}],"wp:attachment":[{"href":"https:\/\/www.europesays.com\/fr\/wp-json\/wp\/v2\/media?parent=339660"}],"wp:term":[{"taxonomy":"category","embeddable":true,"href":"https:\/\/www.europesays.com\/fr\/wp-json\/wp\/v2\/categories?post=339660"},{"taxonomy":"post_tag","embeddable":true,"href":"https:\/\/www.europesays.com\/fr\/wp-json\/wp\/v2\/tags?post=339660"}],"curies":[{"name":"wp","href":"https:\/\/api.w.org\/{rel}","templated":true}]}}