{"id":339662,"date":"2025-08-24T01:33:12","date_gmt":"2025-08-24T01:33:12","guid":{"rendered":"https:\/\/www.europesays.com\/fr\/339662\/"},"modified":"2025-08-24T01:33:12","modified_gmt":"2025-08-24T01:33:12","slug":"pres-de-la-ligne-de-front-en-ukraine-des-civils-condamnes-a-fuir-ou-a-se-terrer-chez-eux","status":"publish","type":"post","link":"https:\/\/www.europesays.com\/fr\/339662\/","title":{"rendered":"pr\u00e8s de la ligne de front en Ukraine, des civils condamn\u00e9s \u00e0 fuir ou \u00e0 se terrer chez eux"},"content":{"rendered":"<p>            lire plus tard<\/p>\n<p id=\"dialog__title\" class=\"dialog__title\">Pour sauvegarder cet article, connectez-vous ou cr\u00e9ez un compte franceinfo<\/p>\n<p class=\"dialog__description\">Sans paiement. Sans abonnement.<\/p>\n<p>        Fermer la fen\u00eatre d\u2019activation des notifications France Info<\/p>\n<p>            cr\u00e9er votre compte<\/p>\n<p>            se connecter<\/p>\n<p>        Fermer la fen\u00eatre de pr\u00e9sentation<\/p>\n<p>    Publi\u00e9 le 23\/08\/2025 20:25<\/p>\n<p>      Mis \u00e0 jour le 23\/08\/2025 20:58<\/p>\n<p>        Temps de lecture : 2min &#8211; vid\u00e9o : 3min<\/p>\n<p>    <img decoding=\"async\" class=\"francetv-player-wrapper__image\" alt=\"Guerre en Ukraine : pr\u00e8s de la ligne de front, aupr\u00e8s des derniers civils ukrainiens\"  width=\"432\" height=\"243\" src=\"https:\/\/www.europesays.com\/fr\/wp-content\/uploads\/2025\/08\/image-23-68aa0ee1d89fd114068860.jpg\" fetchpriority=\"high\"\/><\/p>\n<p>              Guerre en Ukraine : pr\u00e8s de la ligne de front, aupr\u00e8s des derniers civils ukrainiens<br \/>\n                    (France 2)<\/p>\n<p>      3min<\/p>\n<p>\n  Une \u00e9quipe de France T\u00e9l\u00e9visions s\u2019est rendue dans des villes ukrainiennes d\u00e9sert\u00e9es, \u00e0 quelques kilom\u00e8tres de la ligne de front.\n<\/p>\n<p><strong>Ce texte correspond \u00e0 une partie de la retranscription du reportage ci-dessus. Cliquez sur la vid\u00e9o pour la regarder en int\u00e9gralit\u00e9.\u00a0<\/strong><\/p>\n<p>L&rsquo;\u00e9quipe de France T\u00e9l\u00e9visions entre dans une ville fant\u00f4me : partout, des b\u00e2timents sont \u00e9ventr\u00e9s par les bombes. En quelques jours seulement, Bilozerske, cit\u00e9 mini\u00e8re du Donbass, <a href=\"https:\/\/www.franceinfo.fr\/replay-radio\/d-un-monde-a-l-autre\/guerre-en-ukraine-que-represente-le-donbass-pour-vladimir-poutine_7356405.html\" target=\"_blank\" rel=\"noopener nofollow\">a \u00e9t\u00e9 rattrap\u00e9e par la guerre<\/a>. Dans ce secteur de l&rsquo;est de l&rsquo;Ukraine, la Russie a perc\u00e9 la d\u00e9fense ukrainienne. La ligne de front est d\u00e9sormais \u00e0 moins de 8 km. Une famille n&rsquo;a plus le choix : il faut partir. Mais la guerre ne laisse aucun r\u00e9pit. Dans le ciel vole un Shahed, un drone militaire \u00e9quip\u00e9 d&rsquo;une charge explosive, con\u00e7u pour venir s&rsquo;\u00e9craser sur sa cible.<\/p>\n<p>Il faut se mettre \u00e0 l&rsquo;abri. La d\u00e9fense ukrainienne tente d&rsquo;abattre l&rsquo;appareil en vain. Malgr\u00e9 la menace, la famille reste impassible. \u00ab\u00a0Ils frappent sans cesse. Je les maudis. Non, il n&rsquo;y aura pas de paix\u00a0\u00bb, assure un homme.<\/p>\n<p>Alors que le drone s&rsquo;\u00e9loigne, un homme s&rsquo;avance vers l&rsquo;\u00e9quipe de France T\u00e9l\u00e9visions. \u00ab\u00a0Je suis le dernier \u00e0 encore vivre ici\u00a0\u00bb, dit-il. Un peu plus loin se trouve Mykola. Le retrait\u00e9 cherche son chat dans un quartier d\u00e9sert\u00e9. \u00ab\u00a0Petit chat, o\u00f9 es-tu ?\u00a0\u00bb, demande-t-il. Pour lui, il est impossible de quitter la ville avant de l&rsquo;avoir retrouv\u00e9. Conscient du danger, il ne quitte toutefois jamais son sifflet. \u00ab\u00a0C&rsquo;est pour qu&rsquo;on me retrouve sous les d\u00e9combres. Mais j&rsquo;ai aussi de l&rsquo;antiseptique, du fil et une aiguille pour recoudre les plaies, \u00e9num\u00e8re-t-il. Je me suis d\u00e9j\u00e0 recousu moi-m\u00eame la jambe.\u00a0\u00bb<\/p>\n<p>Le dernier magasin de la ville a ferm\u00e9 ses portes samedi 23 ao\u00fbt. Les rares habitants qui vivent encore ici n&rsquo;osent presque plus sortir de chez eux. \u00ab\u00a0Je n&rsquo;ai pas le temps de vous parler. Je dois rejoindre ma grand-m\u00e8re qui est toute seule. Vous savez, marcher ici, c&rsquo;est dangereux\u00a0\u00bb, lance Angela, une habitante.<\/p>\n<p>Le soir, les frappes sont plus nombreuses. Impossible pour l&rsquo;\u00e9quipe de journalistes de rester plus longtemps. Elle prend la direction de Sloviansk, \u00e0 l&rsquo;arri\u00e8re du front. Mais dans le Donbass, le danger est partout. \u00c0 peine arriv\u00e9s, \u00e0 quelques centaines de m\u00e8tres, un missile balistique frappe le centre-ville, puis un drone kamikaze survole Sloviansk. Les habitants se r\u00e9fugient o\u00f9 ils peuvent. Il n&rsquo;y a eu aucun bless\u00e9 ce soir-l\u00e0. Mais pour les Ukrainiens, une certitude : vivre dans le Donbass est chaque jour plus dangereux.<\/p>\n","protected":false},"excerpt":{"rendered":"lire plus tard Pour sauvegarder cet article, connectez-vous ou cr\u00e9ez un compte franceinfo Sans paiement. Sans abonnement. Fermer&hellip;\n","protected":false},"author":2,"featured_media":339663,"comment_status":"","ping_status":"","sticky":false,"template":"","format":"standard","meta":{"footnotes":""},"categories":[1590],"tags":[11,1777,674,12,220],"class_list":{"0":"post-339662","1":"post","2":"type-post","3":"status-publish","4":"format-standard","5":"has-post-thumbnail","7":"category-ukraine","8":"tag-actualites","9":"tag-eu","10":"tag-europe","11":"tag-news","12":"tag-ukraine"},"share_on_mastodon":{"url":"https:\/\/pubeurope.com\/@fr\/115081170472057295","error":""},"_links":{"self":[{"href":"https:\/\/www.europesays.com\/fr\/wp-json\/wp\/v2\/posts\/339662","targetHints":{"allow":["GET"]}}],"collection":[{"href":"https:\/\/www.europesays.com\/fr\/wp-json\/wp\/v2\/posts"}],"about":[{"href":"https:\/\/www.europesays.com\/fr\/wp-json\/wp\/v2\/types\/post"}],"author":[{"embeddable":true,"href":"https:\/\/www.europesays.com\/fr\/wp-json\/wp\/v2\/users\/2"}],"replies":[{"embeddable":true,"href":"https:\/\/www.europesays.com\/fr\/wp-json\/wp\/v2\/comments?post=339662"}],"version-history":[{"count":0,"href":"https:\/\/www.europesays.com\/fr\/wp-json\/wp\/v2\/posts\/339662\/revisions"}],"wp:featuredmedia":[{"embeddable":true,"href":"https:\/\/www.europesays.com\/fr\/wp-json\/wp\/v2\/media\/339663"}],"wp:attachment":[{"href":"https:\/\/www.europesays.com\/fr\/wp-json\/wp\/v2\/media?parent=339662"}],"wp:term":[{"taxonomy":"category","embeddable":true,"href":"https:\/\/www.europesays.com\/fr\/wp-json\/wp\/v2\/categories?post=339662"},{"taxonomy":"post_tag","embeddable":true,"href":"https:\/\/www.europesays.com\/fr\/wp-json\/wp\/v2\/tags?post=339662"}],"curies":[{"name":"wp","href":"https:\/\/api.w.org\/{rel}","templated":true}]}}