{"id":339670,"date":"2025-08-24T01:37:11","date_gmt":"2025-08-24T01:37:11","guid":{"rendered":"https:\/\/www.europesays.com\/fr\/339670\/"},"modified":"2025-08-24T01:37:11","modified_gmt":"2025-08-24T01:37:11","slug":"le-premier-ministre-canadien-mark-carney-est-arrive-en-europe-3","status":"publish","type":"post","link":"https:\/\/www.europesays.com\/fr\/339670\/","title":{"rendered":"Le premier ministre canadien Mark Carney est arriv\u00e9 en Europe"},"content":{"rendered":"<p>VARSOVIE \u2014 Le premier ministre Mark Carney est arriv\u00e9 en Europe o\u00f9 il tentera de resserrer les liens avec les alli\u00e9s du Canada sur ce continent.<\/p>\n<p>L\u2019avion de M.\u00a0Carney a d\u00e9coll\u00e9 d\u2019Ottawa t\u00f4t samedi \u00e0 destination de la Pologne pour son quatri\u00e8me voyage en Europe depuis son entr\u00e9e en fonction en mars. Il s\u2019agit de son quatri\u00e8me s\u00e9jour en Europe depuis son accession au pouvoir, en mars. Il devrait s\u2019arr\u00eater \u00e0 Varsovie, \u00e0 Berlin et \u00e0 Riga.<\/p>\n<p>Le premier ministre a agi rapidement pour rapprocher le Canada de l\u2019Europe, alors que les relations avec les \u00c9tats-Unis se d\u00e9gradent depuis la r\u00e9\u00e9lection de Donald Trump.<\/p>\n<p>M.\u00a0Carney a indiqu\u00e9 vendredi que le ministre des Ressources naturelles, Tim Hodgson, le ministre de la D\u00e9fense, David McGuinty, et la ministre de l\u2019Industrie, M\u00e9lanie Joly, se joindraient \u00e0 lui lors de cette tourn\u00e9e.<\/p>\n<p>Ce voyage visera principalement \u00e0 diversifier les perspectives commerciales du Canada avec ses alli\u00e9s dans un contexte de d\u00e9tachement des \u00c9tats-Unis, ainsi qu\u2019\u00e0 renforcer les accords de d\u00e9fense et de s\u00e9curit\u00e9, a pr\u00e9cis\u00e9 le responsable.<\/p>\n<p>Lors de son s\u00e9jour en Pologne, M.\u00a0Carney devrait rencontrer le premier ministre Donald Tusk et le pr\u00e9sident Karol Nawrocki.<\/p>\n<p>Un haut fonctionnaire du gouvernement a d\u00e9clar\u00e9 que l\u2019avancement des n\u00e9gociations commerciales dans les secteurs de l\u2019\u00e9nergie, de la d\u00e9fense et de l\u2019a\u00e9rospatiale, entre autres, sera une priorit\u00e9 en Pologne, tout comme le soutien \u00e0 l\u2019Ukraine.<\/p>\n<p>La Pologne est un point d\u2019entr\u00e9e essentielle pour l\u2019aide militaire \u00e0 l\u2019Ukraine.<\/p>\n<p>Depuis 2015, le Canada a form\u00e9 45\u00a0000\u00a0soldats ukrainiens dans le cadre de l\u2019op\u00e9ration Unifier. Depuis l\u2019invasion russe de l\u2019Ukraine en f\u00e9vrier\u00a02022, une grande partie de cette formation a eu lieu en Pologne. <\/p>\n<p>M.\u00a0Carney doit rencontrer le chancelier allemand Friedrich Merz \u00e0 Berlin mardi.<\/p>\n<p>L\u2019Allemagne est le plus grand march\u00e9 d\u2019exportation du Canada en Europe et les deux pays se sont engag\u00e9s \u00e0 verser ensemble 600\u00a0millions\u00a0$ pour l\u2019exportation d\u2019hydrog\u00e8ne canadien vers l\u2019Europe, dans le cadre d\u2019un accord sign\u00e9 en ao\u00fbt\u00a02022.<\/p>\n<p>Les r\u00e9serves canadiennes de min\u00e9raux critiques devraient \u00e9galement \u00eatre au c\u0153ur des discussions que M.\u00a0Carney aura avec des responsables et des chefs d\u2019entreprise allemands.<\/p>\n<p>M.\u00a0Carney devrait conclure mercredi son voyage par une rencontre avec la premi\u00e8re ministre lettonne Evika Sili\u0146a et une visite aux troupes canadiennes stationn\u00e9es dans le pays.<\/p>\n<p>Depuis 2017, le Canada dirige un groupement tactique multinational de l\u2019OTAN en Lettonie dans le cadre des efforts d\u00e9ploy\u00e9s par l\u2019alliance militaire pour renforcer son flanc oriental et r\u00e9pondre \u00e0 l\u2019invasion russe de l\u2019Ukraine.<\/p>\n<p>La mission lettonne est l\u2019un des huit groupements tactiques \u00e9tablis par l\u2019OTAN en Europe de l\u2019Est afin de d\u00e9courager une expansion russe. <\/p>\n<p>\u00c0 Riga, l\u2019op\u00e9ration Reassurance regroupe du personnel de plus d\u2019une douzaine de pays de l\u2019OTAN et se d\u00e9roule \u00e0 moins de 300\u00a0kilom\u00e8tres de la fronti\u00e8re russe.<\/p>\n<p>Le haut responsable a d\u00e9clar\u00e9 que 1900 membres des Forces arm\u00e9es canadiennes sont stationn\u00e9s en Lettonie, en faisant la plus importante mission des Forces arm\u00e9es canadiennes \u00e0 l\u2019\u00e9tranger.<\/p>\n<p>Ce voyage en Europe s\u2019inscrit dans un contexte d\u2019intensification des efforts visant \u00e0 n\u00e9gocier un accord de paix dans le conflit entre l\u2019Ukraine et la Russie. Plus t\u00f4t ce mois-ci, le pr\u00e9sident am\u00e9ricain Donald Trump a rencontr\u00e9 le pr\u00e9sident russe Vladimir Poutine en Alaska, suivi quelques jours plus tard d\u2019une r\u00e9union avec le pr\u00e9sident ukrainien Volodymyr Zelensky et d\u2019autres dirigeants europ\u00e9ens \u00e0 la Maison-Blanche.<\/p>\n<p>Le Canada est membre de la Coalition des volontaires, un groupe d\u2019\u00c9tats membres qui se sont engag\u00e9s \u00e0 soutenir l\u2019Ukraine dans la guerre contre la Russie. M.\u00a0Carney a assist\u00e9 \u00e0 des r\u00e9unions virtuelles du groupe ces derni\u00e8res semaines, mais rien n\u2019a encore \u00e9t\u00e9 confirm\u00e9 quant au r\u00f4le que jouera le Canada pour contribuer au maintien de la paix si un accord de cessez-le-feu est conclu.<\/p>\n<p>\u2014 avec des informations de Dylan Robertson<\/p>\n","protected":false},"excerpt":{"rendered":"VARSOVIE \u2014 Le premier ministre Mark Carney est arriv\u00e9 en Europe o\u00f9 il tentera de resserrer les liens&hellip;\n","protected":false},"author":2,"featured_media":339671,"comment_status":"","ping_status":"","sticky":false,"template":"","format":"standard","meta":{"footnotes":""},"categories":[1586],"tags":[11,1777,674,1011,27,4576,12,25],"class_list":{"0":"post-339670","1":"post","2":"type-post","3":"status-publish","4":"format-standard","5":"has-post-thumbnail","7":"category-europe","8":"tag-actualites","9":"tag-eu","10":"tag-europe","11":"tag-fr","12":"tag-france","13":"tag-https-lactualite-com-sujet-politique","14":"tag-news","15":"tag-republique-francaise"},"share_on_mastodon":{"url":"https:\/\/pubeurope.com\/@fr\/115081186111988697","error":""},"_links":{"self":[{"href":"https:\/\/www.europesays.com\/fr\/wp-json\/wp\/v2\/posts\/339670","targetHints":{"allow":["GET"]}}],"collection":[{"href":"https:\/\/www.europesays.com\/fr\/wp-json\/wp\/v2\/posts"}],"about":[{"href":"https:\/\/www.europesays.com\/fr\/wp-json\/wp\/v2\/types\/post"}],"author":[{"embeddable":true,"href":"https:\/\/www.europesays.com\/fr\/wp-json\/wp\/v2\/users\/2"}],"replies":[{"embeddable":true,"href":"https:\/\/www.europesays.com\/fr\/wp-json\/wp\/v2\/comments?post=339670"}],"version-history":[{"count":0,"href":"https:\/\/www.europesays.com\/fr\/wp-json\/wp\/v2\/posts\/339670\/revisions"}],"wp:featuredmedia":[{"embeddable":true,"href":"https:\/\/www.europesays.com\/fr\/wp-json\/wp\/v2\/media\/339671"}],"wp:attachment":[{"href":"https:\/\/www.europesays.com\/fr\/wp-json\/wp\/v2\/media?parent=339670"}],"wp:term":[{"taxonomy":"category","embeddable":true,"href":"https:\/\/www.europesays.com\/fr\/wp-json\/wp\/v2\/categories?post=339670"},{"taxonomy":"post_tag","embeddable":true,"href":"https:\/\/www.europesays.com\/fr\/wp-json\/wp\/v2\/tags?post=339670"}],"curies":[{"name":"wp","href":"https:\/\/api.w.org\/{rel}","templated":true}]}}