{"id":339678,"date":"2025-08-24T01:41:21","date_gmt":"2025-08-24T01:41:21","guid":{"rendered":"https:\/\/www.europesays.com\/fr\/339678\/"},"modified":"2025-08-24T01:41:21","modified_gmt":"2025-08-24T01:41:21","slug":"lequipe-de-france-de-rugby-reussit-son-entree-dans-la-coupe-du-monde-de-rugby-en-dominant-litalie","status":"publish","type":"post","link":"https:\/\/www.europesays.com\/fr\/339678\/","title":{"rendered":"L\u2019\u00e9quipe de France de rugby r\u00e9ussit son entr\u00e9e dans la Coupe du Monde de rugby en dominant l\u2019Italie"},"content":{"rendered":"<p>A Exeter, l\u2019\u00e9quipe de France f\u00e9minine de rugby a assur\u00e9 l\u2019essentiel face \u00e0 l\u2019Italie. Globalement s\u00e9rieuses mais un peu brouillonnes en attaque, les Bleues ont fini par faire craquer les Transalpines, sans pour autant prendre le bonus offensif. Avec ce succ\u00e8s 24-0, le XV de France a fait un grand pas vers la premi\u00e8re place de son groupe d\u00e8s son premier match du Mondial 2025.<\/p>\n<p>En p\u00f4le pour la premi\u00e8re place<\/p>\n<p>La France est sur la voie royale pour la t\u00eate du groupe apr\u00e8s avoir dispos\u00e9 de son adversaire sur le papier le plus dangereux de la poule D, gr\u00e2ce \u00e0 des essais de Grisez (27e), Khalfaoui (45e) et Escudero (62e). Les deux prochains matchs, contre le Br\u00e9sil et l\u2019Afrique du Sud devraient leur permettre de terminer premi\u00e8res et d\u2019\u00e9viter, probablement, de croiser la Nouvelle-Z\u00e9lande, double championne du monde en titre, en quarts.<\/p>\n<p class=\"titre-tech\">La fiche technique<\/p>\n<p class=\"tech\"><strong class=\"tech\">Les points. <\/strong>France : 3 essais Grisez (28\u2019) Khalfaoui (45\u2019), Escudero (62\u2019), 3 transformations Bourgeois (29\u2019, 46\u2019, 62\u2019), 1 p\u00e9nalit\u00e9 Bourgeois (40+ 1\u2019).<\/p>\n<p class=\"tech\"><strong class=\"tech\">FRANCE <\/strong>: Bourgeois &#8211; Grisez, Menager (co-cap.), Vernier (Neisen, 68\u2019), Arbey &#8211; (o) Arbez (Tuy, 70\u2019), (m) Chambon (Queyroi, 70\u2019)- Champon, T. Feleu (Berthoumieu, 59\u2019), Escudero &#8211; Fall Raclot, M. Feleu, (Okemba, 72\u2019) &#8211; Khalfaoui (Bernadou, 57\u2019), Bigot (G\u00e9rin, 57\u2019), Brosseau (Deshaye, 57\u2019).<\/p>\n<p class=\"tech\">S\u00e9lectionneurs : Ga\u00eblle Mignot et David Ortiz (FRA).<\/p>\n<p class=\"tech\"><strong class=\"tech\">ITALIE <\/strong>: Ostuni Minuzzi (Granzotto, 65\u2019) &#8211; Muzzo, Sillari, Mannini, D\u2018\u00a0Inca &#8211; (o) Stevanin (Madia, 71\u2019), (m) Stefan (Bitonci, 57\u2019)- Ranuccini (Arrighetti, 46\u2019), Girodano (cap.), Sgorbini &#8211; Duca (Tounesi, 65\u2019), Tounesi (Fedrighi, 53\u2019) &#8211; Seye (Maris, 60\u2019), Vecchini (Spinelli, 68\u2019), Turani (Stecca, 70\u2019).<\/p>\n<p class=\"tech\">S\u00e9lectionneur : Fabio Roselli (ITA).<\/p>\n","protected":false},"excerpt":{"rendered":"A Exeter, l\u2019\u00e9quipe de France f\u00e9minine de rugby a assur\u00e9 l\u2019essentiel face \u00e0 l\u2019Italie. Globalement s\u00e9rieuses mais un&hellip;\n","protected":false},"author":2,"featured_media":339679,"comment_status":"","ping_status":"","sticky":false,"template":"","format":"standard","meta":{"footnotes":""},"categories":[4],"tags":[11,3166,1011,27,12,25,479,60],"class_list":{"0":"post-339678","1":"post","2":"type-post","3":"status-publish","4":"format-standard","5":"has-post-thumbnail","7":"category-france","8":"tag-actualites","9":"tag-en-continu-sports","10":"tag-fr","11":"tag-france","12":"tag-news","13":"tag-republique-francaise","14":"tag-rugby","15":"tag-sports"},"share_on_mastodon":{"url":"https:\/\/pubeurope.com\/@fr\/115081202095519081","error":""},"_links":{"self":[{"href":"https:\/\/www.europesays.com\/fr\/wp-json\/wp\/v2\/posts\/339678","targetHints":{"allow":["GET"]}}],"collection":[{"href":"https:\/\/www.europesays.com\/fr\/wp-json\/wp\/v2\/posts"}],"about":[{"href":"https:\/\/www.europesays.com\/fr\/wp-json\/wp\/v2\/types\/post"}],"author":[{"embeddable":true,"href":"https:\/\/www.europesays.com\/fr\/wp-json\/wp\/v2\/users\/2"}],"replies":[{"embeddable":true,"href":"https:\/\/www.europesays.com\/fr\/wp-json\/wp\/v2\/comments?post=339678"}],"version-history":[{"count":0,"href":"https:\/\/www.europesays.com\/fr\/wp-json\/wp\/v2\/posts\/339678\/revisions"}],"wp:featuredmedia":[{"embeddable":true,"href":"https:\/\/www.europesays.com\/fr\/wp-json\/wp\/v2\/media\/339679"}],"wp:attachment":[{"href":"https:\/\/www.europesays.com\/fr\/wp-json\/wp\/v2\/media?parent=339678"}],"wp:term":[{"taxonomy":"category","embeddable":true,"href":"https:\/\/www.europesays.com\/fr\/wp-json\/wp\/v2\/categories?post=339678"},{"taxonomy":"post_tag","embeddable":true,"href":"https:\/\/www.europesays.com\/fr\/wp-json\/wp\/v2\/tags?post=339678"}],"curies":[{"name":"wp","href":"https:\/\/api.w.org\/{rel}","templated":true}]}}