{"id":339684,"date":"2025-08-24T01:45:14","date_gmt":"2025-08-24T01:45:14","guid":{"rendered":"https:\/\/www.europesays.com\/fr\/339684\/"},"modified":"2025-08-24T01:45:14","modified_gmt":"2025-08-24T01:45:14","slug":"sabalenka-prete-a-defendre-son-titre","status":"publish","type":"post","link":"https:\/\/www.europesays.com\/fr\/339684\/","title":{"rendered":"Sabalenka pr\u00eate \u00e0 d\u00e9fendre son titre"},"content":{"rendered":"<p class=\"date\">\n                                                            Mathieu Warnier, Media365, publi\u00e9 le samedi 23 ao\u00fbt 2025 \u00e0 20h45\n                                                    <\/p>\n<p>Alors qu&rsquo;elle n&rsquo;a pas remport\u00e9 le moindre titre en Grand Chelem cette ann\u00e9e, Aryna Sabalenka compte d\u00e9fendre ses chances jusqu&rsquo;au bout lors de l&rsquo;US Open, dont elle est la tenante du titre.<\/p>\n<p>Aryna Sabalenka compte bien mettre fin \u00e0 un an d&rsquo;attente. Finaliste malheureuse lors de l&rsquo;Open d&rsquo;Australie puis de Roland-Garros puis \u00e9limin\u00e9e en demi-finale de Wimbledon cette saison, la num\u00e9ro 1 mondiale n&rsquo;a plus connu le frisson d&rsquo;un titre en Grand Chelem depuis son succ\u00e8s lors de l&rsquo;\u00e9dition 2024 de l&rsquo;US Open. Alors qu&rsquo;elle a rendez-vous avec Rebeka Masarova ce dimanche en ouverture du tournoi disput\u00e9 \u00e0 Flushing Meadows, la Bi\u00e9lorusse compte faire jouer son v\u00e9cu pour r\u00e9cidiver. \u00ab\u00a0Peut-\u00eatre que quand les champions en titre reviennent, ils se mettent beaucoup de pression, a-t-elle confi\u00e9 face aux journalistes en amont de son entr\u00e9e en lice. Mais je pense avoir suffisamment d&rsquo;exp\u00e9rience pour me concentrer uniquement sur moi-m\u00eame et essayer de reproduire ce r\u00e9sultat.\u00a0\u00bb Alors que le palmar\u00e8s du simple dames de l&rsquo;US Open sur les onze derni\u00e8res ann\u00e9es est compos\u00e9 de dix noms diff\u00e9rents, Aryna Sabalenka a confi\u00e9 penser \u00ab\u00a0qu&rsquo;il faut changer cela\u00a0\u00bb.<\/p>\n<p>Sabalenka veut \u00ab\u00a0terminer la saison avec un Grand Chelem\u00a0\u00bb<\/p>\n<p>\u00ab\u00a0C&rsquo;est mon espoir, a-t-elle d\u00e9clar\u00e9 dans des propos recueillis par l&rsquo;AFP. J&rsquo;essayais d&rsquo;ignorer cette statistique. Mais c&rsquo;est fou\u00a0!\u00a0\u00bb Afin d&rsquo;y parvenir, la native de Minsk entend se nourrir de ses exp\u00e9riences r\u00e9centes. \u00ab\u00a0J&rsquo;ai tir\u00e9 des le\u00e7ons des moments difficiles que j&rsquo;ai v\u00e9cus cette saison lors des Grand Chelem\u00a0\u00bb, a assur\u00e9 la num\u00e9ro 1 mondiale, qui aimerait \u00ab\u00a0terminer la saison avec un Grand Chelem\u00a0\u00bb en plus \u00e0 son palmar\u00e8s\u00a0\u00ab\u00a0et la premi\u00e8re place mondiale\u00a0\u00bb alors qu&rsquo;Iga Swiatek a r\u00e9duit l&rsquo;\u00e9cart avec ses titres \u00e0 Wimbledon puis \u00e0 Cincinnati. \u00ab\u00a0Je pense que m\u00eame si cet objectif n&rsquo;est pas atteint, je consid\u00e9rerai quand m\u00eame cette saison comme incroyable pour moi, a assur\u00e9 la Bi\u00e9lorusse. Toutes les le\u00e7ons difficiles que j&rsquo;ai apprises me rendront plus forte l&rsquo;ann\u00e9e prochaine.\u00a0\u00bb Alors qu&rsquo;elle va se produire \u00e0 Flushing Meadows, o\u00f9 elle avoue aimer jouer et s&rsquo;y sentir soutenue, Aryna Sabalenka compte \u00ab\u00a0faire de (son) mieux\u00a0\u00bb pour r\u00e9pondre aux attentes.<\/p>\n","protected":false},"excerpt":{"rendered":"Mathieu Warnier, Media365, publi\u00e9 le samedi 23 ao\u00fbt 2025 \u00e0 20h45 Alors qu&rsquo;elle n&rsquo;a pas remport\u00e9 le moindre&hellip;\n","protected":false},"author":2,"featured_media":339685,"comment_status":"","ping_status":"","sticky":false,"template":"","format":"standard","meta":{"footnotes":""},"categories":[1415],"tags":[1011,27,60,1467],"class_list":{"0":"post-339684","1":"post","2":"type-post","3":"status-publish","4":"format-standard","5":"has-post-thumbnail","7":"category-tennis","8":"tag-fr","9":"tag-france","10":"tag-sports","11":"tag-tennis"},"share_on_mastodon":{"url":"https:\/\/pubeurope.com\/@fr\/115081217438298470","error":""},"_links":{"self":[{"href":"https:\/\/www.europesays.com\/fr\/wp-json\/wp\/v2\/posts\/339684","targetHints":{"allow":["GET"]}}],"collection":[{"href":"https:\/\/www.europesays.com\/fr\/wp-json\/wp\/v2\/posts"}],"about":[{"href":"https:\/\/www.europesays.com\/fr\/wp-json\/wp\/v2\/types\/post"}],"author":[{"embeddable":true,"href":"https:\/\/www.europesays.com\/fr\/wp-json\/wp\/v2\/users\/2"}],"replies":[{"embeddable":true,"href":"https:\/\/www.europesays.com\/fr\/wp-json\/wp\/v2\/comments?post=339684"}],"version-history":[{"count":0,"href":"https:\/\/www.europesays.com\/fr\/wp-json\/wp\/v2\/posts\/339684\/revisions"}],"wp:featuredmedia":[{"embeddable":true,"href":"https:\/\/www.europesays.com\/fr\/wp-json\/wp\/v2\/media\/339685"}],"wp:attachment":[{"href":"https:\/\/www.europesays.com\/fr\/wp-json\/wp\/v2\/media?parent=339684"}],"wp:term":[{"taxonomy":"category","embeddable":true,"href":"https:\/\/www.europesays.com\/fr\/wp-json\/wp\/v2\/categories?post=339684"},{"taxonomy":"post_tag","embeddable":true,"href":"https:\/\/www.europesays.com\/fr\/wp-json\/wp\/v2\/tags?post=339684"}],"curies":[{"name":"wp","href":"https:\/\/api.w.org\/{rel}","templated":true}]}}