{"id":339688,"date":"2025-08-24T01:48:17","date_gmt":"2025-08-24T01:48:17","guid":{"rendered":"https:\/\/www.europesays.com\/fr\/339688\/"},"modified":"2025-08-24T01:48:17","modified_gmt":"2025-08-24T01:48:17","slug":"la-monoplace-fantome-fait-sa-reapparition-sur-lautoroute","status":"publish","type":"post","link":"https:\/\/www.europesays.com\/fr\/339688\/","title":{"rendered":"La monoplace fant\u00f4me fait sa r\u00e9apparition sur l&rsquo;autoroute"},"content":{"rendered":"<p>Ce sont des sc\u00e8nes que l&rsquo;on ne voit habituellement que dans les jeux vid\u00e9o ou les blockbusters hollywoodiens : une voiture de Formule rouge vif, orn\u00e9e de l&#8217;embl\u00e9matique logo Marlboro, fonce avec un bruit tonitruant sur une autoroute publique. Mais ce n&rsquo;est pas un plateau de cin\u00e9ma \u2013 c&rsquo;est l&rsquo;autoroute tch\u00e8que D4, et l&rsquo;incident est effroyablement r\u00e9el. <a href=\"https:\/\/www.instagram.com\/p\/DNkVwwNtgpY\/\" target=\"_blank\" rel=\"noopener noreferrer nofollow\">Une vid\u00e9o virale du portail \u00ab\u00a0Prague Morning\u00a0\u00bb<\/a> fait actuellement sensation \u00e0 l&rsquo;international et provoque des secousses de t\u00eate.<\/p>\n<p>Mais ce qui ressemble \u00e0 premi\u00e8re vue \u00e0 une monoplace <a href=\"https:\/\/fr.motor1.com\/news\/769708\/ferrari-25-millions-dollars-record\/\" data-inline-widget=\"internal-links\" data-type-id=\"0\" data-params=\"%7B%22article_edition_id%22%3A%22769708%22%2C%22section%22%3A%221%22%2C%22alias%22%3A%22ferrari-25-millions-dollars-record%22%7D\" rel=\"nofollow noopener\" target=\"_blank\">Ferrari<\/a>\u00a0de <strong>Formule 1<\/strong> se r\u00e9v\u00e8le, apr\u00e8s un examen plus attentif, \u00eatre autre chose \u2013 bien que tout aussi spectaculaire. Selon l&rsquo;avis unanime des experts et des m\u00e9dias internationaux, le v\u00e9hicule est une\u00a0Dallara GP2\/08.<\/p>\n<p>\u00a0<\/p>\n<p>Ces voitures de course pures et dures ont \u00e9t\u00e9 utilis\u00e9es dans la s\u00e9rie GP2, l&rsquo;ancienne antichambre directe de la Formule 1, aujourd&rsquo;hui Formule 2. La peinture est une reproduction fid\u00e8le de la Ferrari F2007 ou F2008 de l&rsquo;\u00e9poque de Kimi R\u00e4ikk\u00f6nen et Felipe Massa, ce qui explique la confusion initiale.<\/p>\n<p>Une action ill\u00e9gale apparemment planifi\u00e9e<\/p>\n<p>La vid\u00e9o, un montage de diff\u00e9rentes perspectives, montre le v\u00e9hicule en action et dans l&rsquo;ill\u00e9galit\u00e9 la plus totale. Propuls\u00e9e par un\u00a0moteur V8 atmosph\u00e9rique de 4,0 litres de Mecachrome avec environ 620 ch, connu pour son bruit assourdissant, la monoplace slalome entre le trafic habituel des heures de pointe.<\/p>\n<p>Elle est accompagn\u00e9e d&rsquo;au moins deux autres v\u00e9hicules \u2013 une voiture de sport jaune, probablement une <a href=\"https:\/\/fr.motor1.com\/news\/766990\/mercedes-amg-gt-track-sport\/\" data-inline-widget=\"internal-links\" data-type-id=\"0\" data-params=\"%7B%22article_edition_id%22%3A%22766990%22%2C%22section%22%3A%221%22%2C%22alias%22%3A%22mercedes-amg-gt-track-sport%22%7D\" rel=\"nofollow noopener\" target=\"_blank\">Mercedes-AMG GT<\/a> ou une <a href=\"https:\/\/fr.motor1.com\/news\/766821\/nouveau-concept-corvette-chevrolet-\u00e9lectrique\/\" data-inline-widget=\"internal-links\" data-type-id=\"0\" data-params=\"%7B%22article_edition_id%22%3A%22766821%22%2C%22section%22%3A%221%22%2C%22alias%22%3A%22nouveau-concept-corvette-chevrolet-%C3%A9lectrique%22%7D\" rel=\"nofollow noopener\" target=\"_blank\">Corvette<\/a>, et une <a href=\"https:\/\/fr.motor1.com\/news\/769355\/lamborghini-fenomeno-comment-pourquoi-interview\/\" data-inline-widget=\"internal-links\" data-type-id=\"0\" data-params=\"%7B%22article_edition_id%22%3A%22769355%22%2C%22section%22%3A%221%22%2C%22alias%22%3A%22lamborghini-fenomeno-comment-pourquoi-interview%22%7D\" rel=\"nofollow noopener\" target=\"_blank\">Lamborghini<\/a> orange. Il semble que ces v\u00e9hicules d&rsquo;accompagnement d\u00e9gagent le passage et bloquent la circulation pour offrir une voie libre \u00e0 la voiture de Formule.<\/p>\n<p>        <img decoding=\"async\" src=\"https:\/\/www.europesays.com\/fr\/wp-content\/uploads\/2025\/04\/16x9-tr.png\" alt=\"Voiture de Formule sur une autoroute tch\u00e8que\" width=\"16\" height=\"9\" loading=\"lazy\"\/><\/p>\n<p>Photo : praguemorningcz \/ Instagram<\/p>\n<p>Le summum de l&rsquo;audace n&rsquo;est pas encore atteint : un clip montre la voiture s&rsquo;arr\u00eatant tranquillement \u00e0 une station-service Shell. Le conducteur, v\u00eatu d&rsquo;une combinaison de course compl\u00e8te et d&rsquo;un casque, descend tandis que la vie quotidienne suit son cours en arri\u00e8re-plan. Plus tard, on voit m\u00eame la voiture effectuer un petit burnout sur un parking, faisant fumer les pneus.<\/p>\n<p>La police enqu\u00eate \u2013 La communaut\u00e9 c\u00e9l\u00e8bre<\/p>\n<p>Ce qui peut sembler \u00eatre un r\u00eave devenu r\u00e9alit\u00e9 pour les passionn\u00e9s d&rsquo;automobile est un cauchemar pour les autorit\u00e9s. La police tch\u00e8que a imm\u00e9diatement ouvert une enqu\u00eate. Comme la voiture de course n&rsquo;a ni immatriculation, ni plaque d&rsquo;immatriculation, ni les \u00e9quipements de s\u00e9curit\u00e9 n\u00e9cessaires tels que l&rsquo;\u00e9clairage, elle constitue une menace importante pour la s\u00e9curit\u00e9 publique.<\/p>\n<p>Les agents analysent actuellement les cam\u00e9ras et demandent aux t\u00e9moins ayant des enregistrements de l&rsquo;incident de se manifester. Fait int\u00e9ressant, le conducteur n&rsquo;est pas un inconnu. D\u00e9j\u00e0 en 2019 et \u00e0 nouveau en 2023, la m\u00eame voiture GP2 est apparue sur l&rsquo;autoroute. Le \u00ab\u00a0fant\u00f4me de la D4\u00a0\u00bb, comme on l&rsquo;appelle parfois, semble \u00eatre un ph\u00e9nom\u00e8ne r\u00e9current.<\/p>\n<p>Alors que la police est \u00e0 la recherche du conducteur, l&rsquo;opinion sur les r\u00e9seaux sociaux est majoritairement positive voire euphorique. Les sections de commentaires sous la vid\u00e9o d\u00e9bordent de r\u00e9actions amus\u00e9es et admiratives. \u00ab\u00a0Ce type pourrait d\u00e9finitivement \u00eatre mon ami !\u00a0\u00bb, \u00e9crit un utilisateur. De nombreux commentaires sp\u00e9culent de mani\u00e8re humoristique sur l&rsquo;identit\u00e9 du conducteur. Le son du moteur V8 est c\u00e9l\u00e9br\u00e9 avec des emojis.<\/p>\n<p>Les voix critiques sont rares, mais pr\u00e9sentes. Un utilisateur souligne qu&rsquo;il y a suffisamment de circuits en R\u00e9publique tch\u00e8que et condamne l&rsquo;action irr\u00e9fl\u00e9chie. La majorit\u00e9 semble cependant fascin\u00e9e par l&rsquo;audace et le spectacle offert, c\u00e9l\u00e9brant le conducteur inconnu comme une sorte de h\u00e9ros populaire. L&rsquo;identit\u00e9 du fant\u00f4me reste pour l&rsquo;instant un myst\u00e8re \u2013 tout comme la question de savoir quand et o\u00f9 la voiture GP2 r\u00e9appara\u00eetra.<\/p>\n<p>                                            <script async src=\"\/\/www.instagram.com\/embed.js\"><\/script><\/p>\n","protected":false},"excerpt":{"rendered":"Ce sont des sc\u00e8nes que l&rsquo;on ne voit habituellement que dans les jeux vid\u00e9o ou les blockbusters hollywoodiens&hellip;\n","protected":false},"author":2,"featured_media":339689,"comment_status":"","ping_status":"","sticky":false,"template":"","format":"standard","meta":{"footnotes":""},"categories":[1412],"tags":[1451,1452,1453,1454,1455,1011,27,1757,60],"class_list":{"0":"post-339688","1":"post","2":"type-post","3":"status-publish","4":"format-standard","5":"has-post-thumbnail","7":"category-f1","8":"tag-f1","9":"tag-formula-1","10":"tag-formula1","11":"tag-formule-1","12":"tag-formule1","13":"tag-fr","14":"tag-france","15":"tag-insolite","16":"tag-sports"},"share_on_mastodon":{"url":"https:\/\/pubeurope.com\/@fr\/115081229422641102","error":""},"_links":{"self":[{"href":"https:\/\/www.europesays.com\/fr\/wp-json\/wp\/v2\/posts\/339688","targetHints":{"allow":["GET"]}}],"collection":[{"href":"https:\/\/www.europesays.com\/fr\/wp-json\/wp\/v2\/posts"}],"about":[{"href":"https:\/\/www.europesays.com\/fr\/wp-json\/wp\/v2\/types\/post"}],"author":[{"embeddable":true,"href":"https:\/\/www.europesays.com\/fr\/wp-json\/wp\/v2\/users\/2"}],"replies":[{"embeddable":true,"href":"https:\/\/www.europesays.com\/fr\/wp-json\/wp\/v2\/comments?post=339688"}],"version-history":[{"count":0,"href":"https:\/\/www.europesays.com\/fr\/wp-json\/wp\/v2\/posts\/339688\/revisions"}],"wp:featuredmedia":[{"embeddable":true,"href":"https:\/\/www.europesays.com\/fr\/wp-json\/wp\/v2\/media\/339689"}],"wp:attachment":[{"href":"https:\/\/www.europesays.com\/fr\/wp-json\/wp\/v2\/media?parent=339688"}],"wp:term":[{"taxonomy":"category","embeddable":true,"href":"https:\/\/www.europesays.com\/fr\/wp-json\/wp\/v2\/categories?post=339688"},{"taxonomy":"post_tag","embeddable":true,"href":"https:\/\/www.europesays.com\/fr\/wp-json\/wp\/v2\/tags?post=339688"}],"curies":[{"name":"wp","href":"https:\/\/api.w.org\/{rel}","templated":true}]}}