{"id":339690,"date":"2025-08-24T01:49:09","date_gmt":"2025-08-24T01:49:09","guid":{"rendered":"https:\/\/www.europesays.com\/fr\/339690\/"},"modified":"2025-08-24T01:49:09","modified_gmt":"2025-08-24T01:49:09","slug":"marion-rousse-la-rupture-surprise-deballee-dans-les-medias","status":"publish","type":"post","link":"https:\/\/www.europesays.com\/fr\/339690\/","title":{"rendered":"Marion Rousse : La rupture surprise d\u00e9ball\u00e9e dans les m\u00e9dias"},"content":{"rendered":"<p>Thomas Bourseau<\/p>\n<p>                        &#8211;<\/p>\n<p>R\u00e9dacteur<\/p>\n<p>F\u00e9ru de sport, Thomas a grandi entre le ballon rond du football et le orange du basket, ses deux coups de c\u0153ur depuis toujours. Dipl\u00f4m\u00e9 d\u2019un Master et d\u2019une Licence \u00e0 l\u2019Institut Europ\u00e9en du Journalisme de Paris, il suit toujours de tr\u00e8s pr\u00e8s les aventures d\u2019Arsenal et des Los Angeles Lakers.<\/p>\n<p class=\"heading\">Pour les amoureux du v\u00e9lo et les adeptes du Tour de France, Marion Rousse est forc\u00e9ment un visage familier. Consultante pour France T\u00e9l\u00e9visions lors des derni\u00e8res \u00e9ditions de la Grande Boucle masculine, l&rsquo;ex-championne de France sur route est \u00e9galement la directrice du Tour de France des femmes. M\u00e8re d&rsquo;un petit gar\u00e7on de 4 ans avec le coureur Julian Alaphilippe, Rousse esp\u00e8re que leur fils ne fera pas du v\u00e9lo sa muse professionnelle.\n<\/p>\n<p>Championne de France sur route en 2012, <strong>Marion Rousse <\/strong>a raccroch\u00e9 trois ans plus tard en raison des conditions professionnelles pr\u00e9caires du cyclisme f\u00e9minin. Son compagnon <strong>Julian Alaphilippe <\/strong>est pour sa part toujours en activit\u00e9 et reste un figure importante du paysage tricolore chez les cyclistes masculins. Ensemble, ils ont eu un fils pr\u00e9nomm\u00e9 Nino, qui a boulevers\u00e9 la vie de la<a href=\"https:\/\/le10sport.com\/cyclisme\/marion-rousse-javais-30-filles-sur-moi-sa-dangereuse-aventure-755276\" rel=\"nofollow noopener\" target=\"_blank\"> directrice du Tour de France des femmes. <\/a><\/p>\n<p>                                            \u00abJ&rsquo;ai un petit gar\u00e7on de 4 ans, Nino qui m&rsquo;a beaucoup fait changer\u00bb<\/p>\n<p>\u00ab Mon r\u00f4le le plus important reste celui de maman. J&rsquo;ai un petit gar\u00e7on de 4 ans, Nino qui m&rsquo;a beaucoup fait changer, beaucoup fait \u00e9voluer. C&rsquo;est vrai qu&rsquo;il y a des p\u00e9riodes o\u00f9 malheureusement je ne peux pas l&#8217;emmener avec moi. C&rsquo;est vraiment la partie la plus difficile. Et je ne peux que remercier et saluer mes parents. C&rsquo;est gr\u00e2ce \u00e0 eux que je peux continuer \u00e0 travailler. Je sais qu&rsquo;il est \u00e9lev\u00e9 dans les conditions dans lesquelles je l&rsquo;\u00e9l\u00e8ve moi-m\u00eame et je sais qu&rsquo;il est bien \u00bb. a reconnu il y a quelques semaines <strong>Marion Rousse <\/strong>pendant une \u00e9tape du <strong>Tour de France des femmes. <\/strong><\/p>\n<p>                                            Son fils est fan de v\u00e9lo, Marion Rousse pr\u00e9f\u00e8re une rupture ! <\/p>\n<p>Pour LOU Magazine, <strong>Marion Rousse <\/strong>a \u00e9voqu\u00e9 un amour d\u00e9j\u00e0 pr\u00e9sent de son fils <strong>Nino <\/strong>pour le v\u00e9lo. Une affection trop importante \u00e0 ses yeux pour le monde de la p\u00e9dale qui ne deviendra pas son m\u00e9tier. C&rsquo;est du moins ce qu&rsquo;elle esp\u00e8re comme elle l&rsquo;a avou\u00e9 au m\u00e9dia. \u00ab Est-ce qu&rsquo;il est d\u00e9j\u00e0 fan de cyclisme ? Il aime un peu trop le v\u00e9lo \u00e0 mon go\u00fbt. Je crois qu&rsquo;il a commenc\u00e9 \u00e0 marcher \u00e0 7 mois. Dingue. Et puis il a commenc\u00e9 \u00e0 monter sur sa draisienne au bout d&rsquo;un an. Je vois qu&rsquo;il est d\u00e9j\u00e0 passionn\u00e9. Moi, \u00e0 commenter les courses de v\u00e9lo, \u00e0 commenter les chutes, je me dis que s&rsquo;il pouvait faire un autre sport, je suis plut\u00f4t preneuse. Et puis m\u00eame, d&rsquo;\u00eatre compar\u00e9 (ndlr \u00e0 elle ou son mari Julian Alaphilippe) je pense que ce n&rsquo;est pas \u00e9vident. Je suis pour qu&rsquo;il fasse du sport parce que \u00e7a t&rsquo;apprend une certaine rigueur, mais peut-\u00eatre pour un autre sport. Apr\u00e8s, il fera ce qu&rsquo;il veut \u00bb. <\/p>\n","protected":false},"excerpt":{"rendered":"Thomas Bourseau &#8211; R\u00e9dacteur F\u00e9ru de sport, Thomas a grandi entre le ballon rond du football et le&hellip;\n","protected":false},"author":2,"featured_media":339691,"comment_status":"","ping_status":"","sticky":false,"template":"","format":"standard","meta":{"footnotes":""},"categories":[1411],"tags":[1154,207,1011,27,60],"class_list":{"0":"post-339690","1":"post","2":"type-post","3":"status-publish","4":"format-standard","5":"has-post-thumbnail","7":"category-cyclisme","8":"tag-cycling","9":"tag-cyclisme","10":"tag-fr","11":"tag-france","12":"tag-sports"},"share_on_mastodon":{"url":"https:\/\/pubeurope.com\/@fr\/115081233308137843","error":""},"_links":{"self":[{"href":"https:\/\/www.europesays.com\/fr\/wp-json\/wp\/v2\/posts\/339690","targetHints":{"allow":["GET"]}}],"collection":[{"href":"https:\/\/www.europesays.com\/fr\/wp-json\/wp\/v2\/posts"}],"about":[{"href":"https:\/\/www.europesays.com\/fr\/wp-json\/wp\/v2\/types\/post"}],"author":[{"embeddable":true,"href":"https:\/\/www.europesays.com\/fr\/wp-json\/wp\/v2\/users\/2"}],"replies":[{"embeddable":true,"href":"https:\/\/www.europesays.com\/fr\/wp-json\/wp\/v2\/comments?post=339690"}],"version-history":[{"count":0,"href":"https:\/\/www.europesays.com\/fr\/wp-json\/wp\/v2\/posts\/339690\/revisions"}],"wp:featuredmedia":[{"embeddable":true,"href":"https:\/\/www.europesays.com\/fr\/wp-json\/wp\/v2\/media\/339691"}],"wp:attachment":[{"href":"https:\/\/www.europesays.com\/fr\/wp-json\/wp\/v2\/media?parent=339690"}],"wp:term":[{"taxonomy":"category","embeddable":true,"href":"https:\/\/www.europesays.com\/fr\/wp-json\/wp\/v2\/categories?post=339690"},{"taxonomy":"post_tag","embeddable":true,"href":"https:\/\/www.europesays.com\/fr\/wp-json\/wp\/v2\/tags?post=339690"}],"curies":[{"name":"wp","href":"https:\/\/api.w.org\/{rel}","templated":true}]}}