{"id":339695,"date":"2025-08-24T01:52:11","date_gmt":"2025-08-24T01:52:11","guid":{"rendered":"https:\/\/www.europesays.com\/fr\/339695\/"},"modified":"2025-08-24T01:52:11","modified_gmt":"2025-08-24T01:52:11","slug":"lexposition-albigeoise-des-affiches-de-toulouse-lautrec-fait-un-carton","status":"publish","type":"post","link":"https:\/\/www.europesays.com\/fr\/339695\/","title":{"rendered":"L\u2019exposition albigeoise des affiches de Toulouse-Lautrec fait un carton"},"content":{"rendered":"<p>\n                                                                    l&rsquo;essentiel<br \/>\n                                                                Une semaine avant sa cl\u00f4ture, l\u2019exposition a accueilli plus de 30\u00a0000 visiteurs en quatre mois.\n                            <\/p>\n<p>Voil\u00e0 qui devrait booster la fr\u00e9quentation du mus\u00e9e Toulouse-Lautrec pour 2025. Avec pr\u00e8s de 30\u00a0000 visiteurs avant la derni\u00e8re semaine, l\u2019exposition consacr\u00e9e aux affiches du peintre albigeois a remport\u00e9 un beau succ\u00e8s.\u00a0Pour comparaison, l\u2019exposition consacr\u00e9e aux \u0153uvres de Ren\u00e9 Ich\u00e9, l\u2019an pass\u00e9, avait accueilli 9\u00a0000 spectateurs.<\/p>\n<p class=\"std-elt__inline\">\n        <strong>\u00c0 lire aussi :<\/strong><br \/>\n        <a href=\"https:\/\/www.ladepeche.fr\/2025\/01\/30\/les-affiches-du-peintre-toulouse-lautrec-en-cours-de-restauration-avant-une-exposition-inedite-a-albi-12473092.php\" rel=\"nofollow noopener\" target=\"_blank\">Les affiches du peintre Toulouse-Lautrec en cours de restauration avant une exposition in\u00e9dite \u00e0 Albi<\/a>\n    <\/p>\n<p>Depuis d\u00e9but mai, le mus\u00e9e propose une exposition exceptionnelle des affiches de Toulouse-Lautrec. Exceptionnelle \u00e0 deux titres. C\u2019est la derni\u00e8re fois qu\u2019on pourra voir ensemble toutes ces \u0153uvres du peintre. M\u00eame si elles ont \u00e9t\u00e9 restaur\u00e9es pour l\u2019\u00e9v\u00e9nement, elles devront \u00eatre pr\u00e9serv\u00e9es dans l\u2019avenir. Enfin, exceptionnelle car le mus\u00e9e albigeois est le seul \u00e0 poss\u00e9der l\u2019ensemble des 32 affiches r\u00e9alis\u00e9es par le peintre.<\/p>\n<p>L\u2019exposition a\u00a0d\u2019ailleurs re\u00e7u un tr\u00e8s bon \u00e9cho dans les m\u00e9dias sp\u00e9cialis\u00e9s, contribuant ainsi \u00e0 la notori\u00e9t\u00e9\u00a0du mus\u00e9e albigeois. Contrairement aux pr\u00e9c\u00e9dentes expositions temporaires, le choix avait \u00e9t\u00e9 fait de la programmer en \u00e9t\u00e9, p\u00e9riode o\u00f9 les visiteurs viennent au mus\u00e9e pour voir les \u0153uvres de Toulouse-Lautrec.<\/p>\n<p class=\"std-elt__inline\">\n        <strong>\u00c0 lire aussi :<\/strong><br \/>\n        <a href=\"https:\/\/www.ladepeche.fr\/2025\/08\/15\/il-reste-encore-quelques-jours-pour-admirer-les-affiches-de-toulouse-lautrec-a-albi-12865362.php\" rel=\"nofollow noopener\" target=\"_blank\">Il reste encore quelques jours pour admirer les affiches de Toulouse-Lautrec \u00e0 Albi<\/a>\n    <\/p>\n<p>Ces bons chiffres s\u2019inscrivent dans une dynamique enclench\u00e9e depuis plusieurs ann\u00e9es, avec la politique mise en place par la conservatrice Fanny Girard\u00a0: deux expositions dans l\u2019ann\u00e9e, nouvelles \u0153uvres expos\u00e9es, rotation des \u0153uvres de l\u2019exposition permanente, propositions de visites innovantes\u2026<\/p>\n<p>Avec cette tr\u00e8s bonne fr\u00e9quentation, le mus\u00e9e devrait donc d\u00e9passer les 132\u00a0431 entr\u00e9es de 2024 (127\u00a0501 en 2023, 85\u00a0411 en 2021). Le record, 176\u00a0079, avait \u00e9t\u00e9 \u00e9tabli en 2019 ann\u00e9e de l\u2019exposition Giacometti, qui avait accueilli 76\u00a0249 visiteurs en quatre mois.<\/p>\n<p>\u00a0<\/p>\n<p data-end=\"351\" data-start=\"23\">\u00a0<\/p>\n<p data-end=\"2800\" data-start=\"2223\">\u00a0<\/p>\n","protected":false},"excerpt":{"rendered":"l&rsquo;essentiel Une semaine avant sa cl\u00f4ture, l\u2019exposition a accueilli plus de 30\u00a0000 visiteurs en quatre mois. Voil\u00e0 qui&hellip;\n","protected":false},"author":2,"featured_media":339696,"comment_status":"","ping_status":"","sticky":false,"template":"","format":"standard","meta":{"footnotes":""},"categories":[1358],"tags":[1348,1384,1385,1386,58,59,1011,27],"class_list":{"0":"post-339695","1":"post","2":"type-post","3":"status-publish","4":"format-standard","5":"has-post-thumbnail","7":"category-arts-et-design","8":"tag-arts","9":"tag-arts-and-design","10":"tag-arts-et-design","11":"tag-design","12":"tag-divertissement","13":"tag-entertainment","14":"tag-fr","15":"tag-france"},"share_on_mastodon":{"url":"https:\/\/pubeurope.com\/@fr\/115081245138838078","error":""},"_links":{"self":[{"href":"https:\/\/www.europesays.com\/fr\/wp-json\/wp\/v2\/posts\/339695","targetHints":{"allow":["GET"]}}],"collection":[{"href":"https:\/\/www.europesays.com\/fr\/wp-json\/wp\/v2\/posts"}],"about":[{"href":"https:\/\/www.europesays.com\/fr\/wp-json\/wp\/v2\/types\/post"}],"author":[{"embeddable":true,"href":"https:\/\/www.europesays.com\/fr\/wp-json\/wp\/v2\/users\/2"}],"replies":[{"embeddable":true,"href":"https:\/\/www.europesays.com\/fr\/wp-json\/wp\/v2\/comments?post=339695"}],"version-history":[{"count":0,"href":"https:\/\/www.europesays.com\/fr\/wp-json\/wp\/v2\/posts\/339695\/revisions"}],"wp:featuredmedia":[{"embeddable":true,"href":"https:\/\/www.europesays.com\/fr\/wp-json\/wp\/v2\/media\/339696"}],"wp:attachment":[{"href":"https:\/\/www.europesays.com\/fr\/wp-json\/wp\/v2\/media?parent=339695"}],"wp:term":[{"taxonomy":"category","embeddable":true,"href":"https:\/\/www.europesays.com\/fr\/wp-json\/wp\/v2\/categories?post=339695"},{"taxonomy":"post_tag","embeddable":true,"href":"https:\/\/www.europesays.com\/fr\/wp-json\/wp\/v2\/tags?post=339695"}],"curies":[{"name":"wp","href":"https:\/\/api.w.org\/{rel}","templated":true}]}}