{"id":339714,"date":"2025-08-24T02:02:09","date_gmt":"2025-08-24T02:02:09","guid":{"rendered":"https:\/\/www.europesays.com\/fr\/339714\/"},"modified":"2025-08-24T02:02:09","modified_gmt":"2025-08-24T02:02:09","slug":"emine-erdogan-en-appelle-a-melania-trump-pour-les-enfants-palestiniens-affames","status":"publish","type":"post","link":"https:\/\/www.europesays.com\/fr\/339714\/","title":{"rendered":"Emine Erdogan en appelle \u00e0 Melania Trump pour les enfants palestiniens affam\u00e9s"},"content":{"rendered":"<p>Apr\u00e8s <a href=\"https:\/\/www.20minutes.fr\/monde\/vladimir_poutine\/\" target=\"_blank\" class=\"c-link c-link--is-underlined\" rel=\"noopener\">Vladimir Poutine<\/a>, <a href=\"https:\/\/www.20minutes.fr\/monde\/melania-trump\/\" target=\"_blank\" class=\"c-link c-link--is-underlined\" rel=\"noopener\">Melania Trump<\/a> \u00e9crira-t-elle \u00e0 <a href=\"https:\/\/www.20minutes.fr\/dossier\/benyamin_netanyahou\" target=\"_blank\" class=\"c-link c-link--is-underlined\" rel=\"noopener\">Benyamin Netanyahou<\/a>\u00a0? C\u2019est en tout cas ce qu\u2019esp\u00e8re la premi\u00e8re dame de <a href=\"https:\/\/www.20minutes.fr\/monde\/turquie\/\" target=\"_blank\" class=\"c-link c-link--is-underlined\" rel=\"noopener\">Turquie<\/a> qui a envoy\u00e9 un courrier en ce sens \u00e0 l\u2019\u00e9pouse de <a href=\"https:\/\/www.20minutes.fr\/dossier\/donald_trump\" target=\"_blank\" class=\"c-link c-link--is-underlined\" rel=\"noopener\">Donald Trump<\/a>. Emine Erdogan l\u2019invite \u00e0 faire preuve de la m\u00eame \u00ab\u00a0sensibilit\u00e9\u00a0\u00bb \u00e0 l\u2019\u00e9gard de la population de <a href=\"https:\/\/www.20minutes.fr\/monde\/gaza\/\" target=\"_blank\" class=\"c-link c-link--is-underlined\" rel=\"noopener\">Gaza<\/a>, qu\u2019au sort des enfants ukrainiens.<\/p>\n<p>En accueillant la semaine derni\u00e8re Vladimir Poutine en Alaska, son homologue am\u00e9ricain lui avait remis un \u00ab\u00a0message de paix\u00a0\u00bb pour l\u2019<a href=\"https:\/\/www.20minutes.fr\/monde\/ukraine\/\" target=\"_blank\" class=\"c-link c-link--is-underlined\" rel=\"noopener\">Ukraine<\/a>, qu\u2019aurait r\u00e9dig\u00e9 la premi\u00e8re dame am\u00e9ricaine.<\/p>\n<\/p>\n<p>\u00ab\u00a0Responsabilit\u00e9 historique\u00a0\u00bb<\/p>\n<p>\u00ab\u00a0J\u2019ai confiance que la sensibilit\u00e9 dont vous avez fait preuve \u00e0 l\u2019\u00e9gard des 648 enfants ukrainiens qui ont perdu la vie dans la guerre pourra s\u2019\u00e9tendre \u00e0 Gaza o\u00f9 62.000 civils dont 18.000 enfants ont perdu la vie en moins de deux ans\u00a0\u00bb \u00e9crit Emine Erdogan, citant un bilan des autorit\u00e9s de Sant\u00e9 du <a href=\"https:\/\/www.20minutes.fr\/monde\/hamas\/\" target=\"_blank\" class=\"c-link c-link--is-underlined\" rel=\"noopener\">Hamas<\/a> jug\u00e9 cr\u00e9dible par l\u2019ONU.<\/p>\n<p>Elle lui sugg\u00e8re d&rsquo;\u00ab\u00a0envoyer une lettre en faveur de la fin de la crise humanitaire \u00e0 Gaza au Premier ministre isra\u00e9lien\u00a0\u00bb. \u00ab\u00a0Votre appel en faveur de Gaza rev\u00eatrait une responsabilit\u00e9 historique en faveur de la population palestinienne\u00a0\u00bb.<\/p>\n<p><a href=\"https:\/\/www.20minutes.fr\/monde\/gaza\/\" target=\"_blank\" class=\"c-link c-btn c-btn--primary\" rel=\"noopener\">Notre dossier sur la guerre \u00e0 Gaza<\/a><\/p>\n<p>\u00ab\u00a0En tant que m\u00e8re, que femme et comme \u00eatre humain, je partage sinc\u00e8rement les sentiments que vous avez exprim\u00e9s dans votre lettre et j\u2019esp\u00e8re que vous saurez donner le m\u00eame espoir aux enfants de Gaza qui aspirent, eux aussi, \u00e0 la paix et \u00e0 la tranquillit\u00e9\u00a0\u00bb.<\/p>\n","protected":false},"excerpt":{"rendered":"Apr\u00e8s Vladimir Poutine, Melania Trump \u00e9crira-t-elle \u00e0 Benyamin Netanyahou\u00a0? C\u2019est en tout cas ce qu\u2019esp\u00e8re la premi\u00e8re dame&hellip;\n","protected":false},"author":2,"featured_media":339715,"comment_status":"","ping_status":"","sticky":false,"template":"","format":"standard","meta":{"footnotes":""},"categories":[5],"tags":[47,11,75,1011,27,665,3519,14,664,21831,74,12,3497,3496,28],"class_list":{"0":"post-339714","1":"post","2":"type-post","3":"status-publish","4":"format-standard","5":"has-post-thumbnail","7":"category-international","8":"tag-actualite","9":"tag-actualites","10":"tag-donald-trump","11":"tag-fr","12":"tag-france","13":"tag-gaza","14":"tag-hamas","15":"tag-international","16":"tag-israel","17":"tag-melania-trump","18":"tag-monde","19":"tag-news","20":"tag-recep-tayyip-erdogan","21":"tag-turquie","22":"tag-world"},"share_on_mastodon":{"url":"https:\/\/pubeurope.com\/@fr\/115081284449971044","error":""},"_links":{"self":[{"href":"https:\/\/www.europesays.com\/fr\/wp-json\/wp\/v2\/posts\/339714","targetHints":{"allow":["GET"]}}],"collection":[{"href":"https:\/\/www.europesays.com\/fr\/wp-json\/wp\/v2\/posts"}],"about":[{"href":"https:\/\/www.europesays.com\/fr\/wp-json\/wp\/v2\/types\/post"}],"author":[{"embeddable":true,"href":"https:\/\/www.europesays.com\/fr\/wp-json\/wp\/v2\/users\/2"}],"replies":[{"embeddable":true,"href":"https:\/\/www.europesays.com\/fr\/wp-json\/wp\/v2\/comments?post=339714"}],"version-history":[{"count":0,"href":"https:\/\/www.europesays.com\/fr\/wp-json\/wp\/v2\/posts\/339714\/revisions"}],"wp:featuredmedia":[{"embeddable":true,"href":"https:\/\/www.europesays.com\/fr\/wp-json\/wp\/v2\/media\/339715"}],"wp:attachment":[{"href":"https:\/\/www.europesays.com\/fr\/wp-json\/wp\/v2\/media?parent=339714"}],"wp:term":[{"taxonomy":"category","embeddable":true,"href":"https:\/\/www.europesays.com\/fr\/wp-json\/wp\/v2\/categories?post=339714"},{"taxonomy":"post_tag","embeddable":true,"href":"https:\/\/www.europesays.com\/fr\/wp-json\/wp\/v2\/tags?post=339714"}],"curies":[{"name":"wp","href":"https:\/\/api.w.org\/{rel}","templated":true}]}}