{"id":339721,"date":"2025-08-24T02:10:25","date_gmt":"2025-08-24T02:10:25","guid":{"rendered":"https:\/\/www.europesays.com\/fr\/339721\/"},"modified":"2025-08-24T02:10:25","modified_gmt":"2025-08-24T02:10:25","slug":"matteo-le-corvec-justifie-sa-decision-de-rejoindre-perpignan-perpi-et-aucun-autre","status":"publish","type":"post","link":"https:\/\/www.europesays.com\/fr\/339721\/","title":{"rendered":"Matt\u00e9o Le Corvec justifie sa d\u00e9cision de rejoindre Perpignan : \u00ab\u00a0Perpi et aucun autre\u00a0\u00bb"},"content":{"rendered":"<p>Le nom Le Corvec r\u00e9sonne fort \u00e0 Aim\u00e9-Giral.<\/p>\n<p>Pendant onze saisons, Gr\u00e9gory a marqu\u00e9 de son empreinte le club catalan, jusqu\u2019au titre de champion de France en 2009.<\/p>\n<p>Douze ans plus tard, c\u2019est son fils Matt\u00e9o qui reprend le flambeau. \u00c0 23 ans, form\u00e9 \u00e0 Toulon, il retrouve son club d\u2019origine, l\u00e0 o\u00f9 tout a commenc\u00e9.<\/p>\n<p><strong>Pour le jeune troisi\u00e8me ligne, la fiert\u00e9 est immense comme il l\u2019explique \u00e0 <a href=\"https:\/\/www.francebleu.fr\/sports\/rugby\/matteo-le-corvec-de-retour-a-l-usap-ca-ne-pouvait-pas-etre-un-autre-club-1234654\" rel=\"nofollow noopener\" target=\"_blank\">ICI Roussillon<\/a>. Extrait :<\/strong><\/p>\n<p>\u00ab\u00a0C\u2019est une fiert\u00e9, je vais tout faire pour faire mieux que lui encore.J\u2019ai commenc\u00e9 le rugby \u00e0 4 ans ici, je suis parti \u00e0 Toulon quand j\u2019avais 11 ans, j\u2019ai fait 13 ans au RCT et aujourd\u2019hui, c\u2019est vraiment un plaisir et une fiert\u00e9 de retrouver ce club. J\u2019ai envie de porter un maximum de fois ce maillot et surtout, m\u2019en montrer digne.\u00a0\u00bb<\/p>\n<p><strong>Ce retour a pour lui une saveur toute particuli\u00e8re. Extrait :<\/strong><\/p>\n<p>\u00ab\u00a0C\u2019est un retour aux sources, c\u2019est l\u00e0 o\u00f9 je suis tomb\u00e9 amoureux de ce sport, de ces couleurs, de cette ferveur. C\u2019est l\u00e0 o\u00f9 tout a commenc\u00e9, les premiers matchs de rugby que j\u2019ai vus, c\u2019\u00e9tait ici quand mon p\u00e8re jouait. J\u2019ai beaucoup de souvenirs ici et c\u2019est ce qui a pes\u00e9 dans ma d\u00e9cision. Mon nouveau club ne pouvait \u00eatre que Perpi et aucun autre.\u00a0\u00bb<\/p>\n<p>Entre h\u00e9ritage et nouvelle aventure, Matt\u00e9o Le Corvec a tout pour rallumer la flamme d\u2019Aim\u00e9-Giral. Le public catalan, qui a vibr\u00e9 pour son p\u00e8re, est pr\u00eat \u00e0 s\u2019enflammer pour le fils.<\/p>\n","protected":false},"excerpt":{"rendered":"Le nom Le Corvec r\u00e9sonne fort \u00e0 Aim\u00e9-Giral. Pendant onze saisons, Gr\u00e9gory a marqu\u00e9 de son empreinte le&hellip;\n","protected":false},"author":2,"featured_media":339722,"comment_status":"","ping_status":"","sticky":false,"template":"","format":"standard","meta":{"footnotes":""},"categories":[9619],"tags":[1111,11,1777,674,1011,27,12,882,25,2310],"class_list":{"0":"post-339721","1":"post","2":"type-post","3":"status-publish","4":"format-standard","5":"has-post-thumbnail","7":"category-toulon","8":"tag-actu","9":"tag-actualites","10":"tag-eu","11":"tag-europe","12":"tag-fr","13":"tag-france","14":"tag-news","15":"tag-provence-alpes-cote-dazur","16":"tag-republique-francaise","17":"tag-toulon"},"share_on_mastodon":{"url":"https:\/\/pubeurope.com\/@fr\/115081315819044501","error":""},"_links":{"self":[{"href":"https:\/\/www.europesays.com\/fr\/wp-json\/wp\/v2\/posts\/339721","targetHints":{"allow":["GET"]}}],"collection":[{"href":"https:\/\/www.europesays.com\/fr\/wp-json\/wp\/v2\/posts"}],"about":[{"href":"https:\/\/www.europesays.com\/fr\/wp-json\/wp\/v2\/types\/post"}],"author":[{"embeddable":true,"href":"https:\/\/www.europesays.com\/fr\/wp-json\/wp\/v2\/users\/2"}],"replies":[{"embeddable":true,"href":"https:\/\/www.europesays.com\/fr\/wp-json\/wp\/v2\/comments?post=339721"}],"version-history":[{"count":0,"href":"https:\/\/www.europesays.com\/fr\/wp-json\/wp\/v2\/posts\/339721\/revisions"}],"wp:featuredmedia":[{"embeddable":true,"href":"https:\/\/www.europesays.com\/fr\/wp-json\/wp\/v2\/media\/339722"}],"wp:attachment":[{"href":"https:\/\/www.europesays.com\/fr\/wp-json\/wp\/v2\/media?parent=339721"}],"wp:term":[{"taxonomy":"category","embeddable":true,"href":"https:\/\/www.europesays.com\/fr\/wp-json\/wp\/v2\/categories?post=339721"},{"taxonomy":"post_tag","embeddable":true,"href":"https:\/\/www.europesays.com\/fr\/wp-json\/wp\/v2\/tags?post=339721"}],"curies":[{"name":"wp","href":"https:\/\/api.w.org\/{rel}","templated":true}]}}