{"id":339729,"date":"2025-08-24T02:24:12","date_gmt":"2025-08-24T02:24:12","guid":{"rendered":"https:\/\/www.europesays.com\/fr\/339729\/"},"modified":"2025-08-24T02:24:12","modified_gmt":"2025-08-24T02:24:12","slug":"ils-font-tout-pour-sintegrer-mais-certains-ont-encore-besoin-daccompagnement-lexil-sans-fin-des-ukrainiens-de-la-cote-dazur","status":"publish","type":"post","link":"https:\/\/www.europesays.com\/fr\/339729\/","title":{"rendered":"\u00ab\u00a0Ils font tout pour s\u2019int\u00e9grer, mais certains ont encore besoin d\u2019accompagnement\u00a0\u00bb: l\u2019exil sans fin des Ukrainiens de la C\u00f4te d\u2019Azur"},"content":{"rendered":"<p>Selon Iryna Bourdelles, pr\u00e9sidente de l\u2019Afuca (Association franco-ukrainienne C\u00f4te d\u2019Azur), tout r\u00e9cemment nomm\u00e9e consul honoraire d\u2019Ukraine \u00e0 Nice pour les Alpes-Maritimes, le Var, les Hautes-Alpes et les Alpes-de-Haute-Provence, environ 15.000 r\u00e9fugi\u00e9s ukrainiens vivent toujours dans le d\u00e9partement, auxquels s\u2019ajoutent plusieurs milliers dans les d\u00e9partements voisins.<\/p>\n<p>Nombre d\u2019entre eux ont r\u00e9ussi \u00e0 trouver un emploi et \u00e0 obtenir un titre de s\u00e9jour gr\u00e2ce \u00e0 leur contrat de travail. Toutefois, l\u2019int\u00e9gration reste difficile pour les plus fragiles: personnes \u00e2g\u00e9es, m\u00e8res isol\u00e9es avec enfants en bas \u00e2ge. C\u00f4t\u00e9 scolarisation, environ 3.500 enfants ukrainiens sont inscrits dans les \u00e9tablissements du d\u00e9partement. Beaucoup parlent d\u00e9sormais fran\u00e7ais sans accent apr\u00e8s trois ans de pr\u00e9sence.<\/p>\n<p>\u00ab\u00a0Les Ukrainiens font tout pour s\u2019int\u00e9grer, mais certains ont encore besoin d\u2019accompagnement\u00a0\u00bb, insiste Iryna Bourdelles. L\u2019association joue ici un r\u00f4le central, gr\u00e2ce \u00e0 ses cours de langue pour enfants et adultes, ses permanences d\u2019accueil, uniques en France, qui \u00e9paulent les familles dans toutes leurs d\u00e9marches administratives (inscrire les enfants \u00e0 l\u2019\u00e9cole, trouver du travail) et distribuent des colis alimentaires \u00e0 ceux qui en ont besoin.<\/p>\n<p>Malgr\u00e9 des progr\u00e8s dans le traitement des dossiers, les d\u00e9marches pr\u00e9fectorales restent lourdes. Un dispositif dit de \u00ab\u00a0week-end ukrainien\u00a0\u00bb permet d\u00e9sormais d\u2019accueillir chaque mois des dizaines de nouveaux demandeurs. Les arriv\u00e9es continuent, \u00e0 raison d\u2019environ 70 \u00e0 80 personnes par mois.<\/p>\n<p>\u00ab\u00a0Nous devons lib\u00e9rer notre local au 1er septembre\u00a0\u00bb<\/p>\n<p>Autre difficult\u00e9 majeure, l\u2019association doit lib\u00e9rer le local de l\u2019association, \u00e0 Nice, route de Grenoble au 1er septembre. La mairie, qui avait accord\u00e9 ce lieu \u00e0 titre provisoire, doit le r\u00e9cup\u00e9rer pour un projet urbain. \u00ab\u00a0La mairie cherche une autre solution, mais on comprend tr\u00e8s bien que c\u2019est difficile. On cherche de notre c\u00f4t\u00e9, mais pour l\u2019instant, on n\u2019a pas de piste\u00a0\u00bb, regrette la pr\u00e9sidente, qui redoute une mise en p\u00e9ril de l\u2019accueil, des cours et de la distribution de colis alimentaires.<\/p>\n<p>\u00ab\u00a0Avec Vladimir Poutine, aucun accord ne sera respect\u00e9\u00a0\u00bb<\/p>\n<p>Sur l\u2019actualit\u00e9 g\u00e9opolitique, Iryna Bourdelles se montre sceptique face aux tentatives de m\u00e9diation internationale. \u00ab\u00a0Avec Vladimir Poutine, aucun accord ne sera respect\u00e9\u00a0\u00bb, tranche-t-elle, redoutant qu\u2019un cessez-le-feu ne soit qu\u2019une \u00ab\u00a0pause avant une nouvelle attaque\u00a0\u00bb. Elle insiste sur la n\u00e9cessit\u00e9 de maintenir l\u2019aide militaire et diplomatique: \u00ab\u00a0Il est impossible de demander aux soldats ukrainiens, qui d\u00e9fendent leurs terres au prix de leur vie, de baisser les armes.\u00a0\u00bb<\/p>\n<p>Une journ\u00e9e de f\u00eate ce dimanche<\/p>\n<p>Dans ce contexte, la f\u00eate nationale ukrainienne de ce dimanche 24 ao\u00fbt prend une dimension symbolique. L\u2019Afuca organise \u00e0 Nice une marche qui s\u2019\u00e9lancera \u00e0 17h de place Garibaldi, suivie d\u2019une soir\u00e9e au kiosque \u00e0 musique, pr\u00e8s du Th\u00e9\u00e2tre de Verdure. Au programme: danses, chants, gastronomie ukrainienne et stands de souvenirs. \u00ab\u00a0Nous voulons rappeler que l\u2019Ukraine ne se r\u00e9sume pas \u00e0 la guerre, qu\u2019elle a sa culture et son ind\u00e9pendance \u00e0 d\u00e9fendre. Malgr\u00e9 la douleur et l\u2019incertitude, nous voulons montrer que l\u2019Ukraine continue de vivre, de r\u00e9sister et de transmettre son identit\u00e9\u00a0\u00bb, conclut Iryna Bourdelles.<\/p>\n<p>Dimanche 24 ao\u00fbt, 17h, marche le long de la promenade des Anglais (point de d\u00e9part: place Garibaldi). De 18h \u00e0 21 heures, animations au kiosque \u00e0 musique, 1 esplanade Jacques-Cotta (pr\u00e8s du Th\u00e9\u00e2tre de Verdure, Jardin Albert-1er). Au programme: performances d\u2019artistes ukrainiens, stands des associations partenaires de l\u2019Afuca, d\u00e9fil\u00e9 de la collection de broderies ukrainiennes (vyshyvanka), march\u00e9 ukrainien avec livres et souvenirs, animations pour les enfants.<\/p>\n","protected":false},"excerpt":{"rendered":"Selon Iryna Bourdelles, pr\u00e9sidente de l\u2019Afuca (Association franco-ukrainienne C\u00f4te d\u2019Azur), tout r\u00e9cemment nomm\u00e9e consul honoraire d\u2019Ukraine \u00e0 Nice&hellip;\n","protected":false},"author":2,"featured_media":339730,"comment_status":"","ping_status":"","sticky":false,"template":"","format":"standard","meta":{"footnotes":""},"categories":[2819],"tags":[1111,11,10411,1777,674,1011,27,12,2401,882,25],"class_list":{"0":"post-339729","1":"post","2":"type-post","3":"status-publish","4":"format-standard","5":"has-post-thumbnail","7":"category-nice","8":"tag-actu","9":"tag-actualites","10":"tag-conflits","11":"tag-eu","12":"tag-europe","13":"tag-fr","14":"tag-france","15":"tag-news","16":"tag-nice","17":"tag-provence-alpes-cote-dazur","18":"tag-republique-francaise"},"share_on_mastodon":{"url":"https:\/\/pubeurope.com\/@fr\/115081370932362853","error":""},"_links":{"self":[{"href":"https:\/\/www.europesays.com\/fr\/wp-json\/wp\/v2\/posts\/339729","targetHints":{"allow":["GET"]}}],"collection":[{"href":"https:\/\/www.europesays.com\/fr\/wp-json\/wp\/v2\/posts"}],"about":[{"href":"https:\/\/www.europesays.com\/fr\/wp-json\/wp\/v2\/types\/post"}],"author":[{"embeddable":true,"href":"https:\/\/www.europesays.com\/fr\/wp-json\/wp\/v2\/users\/2"}],"replies":[{"embeddable":true,"href":"https:\/\/www.europesays.com\/fr\/wp-json\/wp\/v2\/comments?post=339729"}],"version-history":[{"count":0,"href":"https:\/\/www.europesays.com\/fr\/wp-json\/wp\/v2\/posts\/339729\/revisions"}],"wp:featuredmedia":[{"embeddable":true,"href":"https:\/\/www.europesays.com\/fr\/wp-json\/wp\/v2\/media\/339730"}],"wp:attachment":[{"href":"https:\/\/www.europesays.com\/fr\/wp-json\/wp\/v2\/media?parent=339729"}],"wp:term":[{"taxonomy":"category","embeddable":true,"href":"https:\/\/www.europesays.com\/fr\/wp-json\/wp\/v2\/categories?post=339729"},{"taxonomy":"post_tag","embeddable":true,"href":"https:\/\/www.europesays.com\/fr\/wp-json\/wp\/v2\/tags?post=339729"}],"curies":[{"name":"wp","href":"https:\/\/api.w.org\/{rel}","templated":true}]}}