{"id":339748,"date":"2025-08-24T02:36:25","date_gmt":"2025-08-24T02:36:25","guid":{"rendered":"https:\/\/www.europesays.com\/fr\/339748\/"},"modified":"2025-08-24T02:36:25","modified_gmt":"2025-08-24T02:36:25","slug":"dans-les-annees-1980-la-fin-des-usines-de-la-soie-a-lyon","status":"publish","type":"post","link":"https:\/\/www.europesays.com\/fr\/339748\/","title":{"rendered":"Dans les ann\u00e9es 1980, la fin des usines de la soie \u00e0 Lyon"},"content":{"rendered":"<p class=\"wp-block-post-excerpt__excerpt\">[Au fil de la soie #4] Dans les ann\u00e9es 80, l\u2019\u00e9volution des modes et les chocs p\u00e9troliers sonnent le glas de l\u2019industrie lyonnaise de la soie. Le d\u00e9clin d\u2019usines iconiques de l\u2019agglom\u00e9ration a marqu\u00e9 la fin d\u2019une \u00e9poque pour toute une g\u00e9n\u00e9ration d\u2019ouvriers de l\u2019agglom\u00e9ration. <\/p>\n<p>Elian Delac\u00f4te<\/p>\n<p>Publi\u00e9 le 23 ao\u00fbt 2025\u00a0\u00a0\u00b7\u00a0\u00a0<\/p>\n<p>Imprim\u00e9 le 24 ao\u00fbt 2025 \u00e0 04h36\u00a0\u00a0\u00b7\u00a0\u00a0<\/p>\n<p>\t\t\t\t\t4\u00a0minutes\n<\/p>\n<p>\u00c0 la fin du XIXe si\u00e8cle, l\u2019arriv\u00e9e de la soie artificielle bouleverse le paysage \u00e9conomique lyonnais. La \u00ab\u00a0Fabrique\u00a0\u00bb \u00e9volue. Exit les Canuts, bienvenue aux ouvriers. Aux p\u00e9riph\u00e9ries de Lyon, de Vaise \u00e0 Vaulx en passant par Saint-Fons, les usines issues de l\u2019industrie de la soie poussent comme des champignons, port\u00e9es par quelques grandes familles.<\/p>\n<p>Comme nous l\u2019avons vu dans <a href=\"https:\/\/www.rue89lyon.fr\/2025\/08\/16\/lyon-comment-soie-cree-vallee-chimie\/\" target=\"_blank\" rel=\"noreferrer noopener\">l\u2019\u00e9pisode pr\u00e9c\u00e9dent<\/a> de notre s\u00e9rie, les ann\u00e9es 1920 voient appara\u00eetre des fleurons lyonnais de l\u2019industrie textile. \u00c0 Vaise (Lyon 9e), Rhodiaseta (plus tard renomm\u00e9e Rhodiaceta) se lance en 1924, sous l\u2019impulsion de la Soci\u00e9t\u00e9 des usines chimiques du Rh\u00f4ne, anc\u00eatre du groupe Rh\u00f4ne-Poulenc.<\/p>\n<p>La soci\u00e9t\u00e9 mise sur un nouveau proc\u00e9d\u00e9 de production de soie industrielle, \u00e0 base d\u2019ac\u00e9tate de cellulose. Elle devra par la suite changer son nom, sur fond de conflit entre industriels et partisans d\u2019une soie naturelle (soie se disant seta en latin).<\/p>\n<p>Lisez la suite pour 1\u20ac<\/p>\n<p>En profitant de notre offre d\u2019essai, r\u00e9siliable en ligne \u00e0 tout moment.<\/p>\n<p><strong>Pour acc\u00e9der \u00e0 cet article, il faut \u00eatre abonn\u00e9. Pourquoi\u00a0?<\/strong><\/p>\n<p>Les informations exclusives, les enqu\u00eates et certains reportages constituent l\u2019\u00e9dition abonn\u00e9s de Rue89Lyon. En tant que m\u00e9dia ind\u00e9pendant, nos ressources proviennent de nos lectrices et lecteurs abonn\u00e9s, aucun milliardaire ni groupe bancaire ne nous finance.<\/p>\n<p>Nous demandons \u00e0 nos lecteurs une faible contribution pour disposer \u00e0 Lyon d\u2019un m\u00e9dia vigie des pouvoirs locaux, capable d\u2019enqu\u00eater et de traiter les enjeux locaux en profondeur et dans la dur\u00e9e.<\/p>\n<p>Chaque abonnement compte. Toutes nos recettes sont investies dans un journalisme local ind\u00e9pendant, dont la force et la r\u00e9activit\u00e9 d\u00e9pend directement du nombre d\u2019abonn\u00e9s actifs.<\/p>\n<p class=\"has-text-align-right\"><strong><a href=\"https:\/\/www.rue89lyon.fr\/abonnement\/\" data-type=\"page\" data-id=\"0\" target=\"_blank\" rel=\"noopener\">Je m\u2019abonne\u00a0 <\/a><\/strong><\/p>\n<p>\t\t\t<a href=\"https:\/\/www.rue89lyon.fr\/\" class=\"custom-logo-link\" rel=\"home noopener\" target=\"_blank\"><img loading=\"lazy\" decoding=\"async\" width=\"290\" height=\"89\" src=\"https:\/\/www.europesays.com\/fr\/wp-content\/uploads\/2025\/04\/1745556146_356_logo.png\" class=\"custom-logo\" alt=\"Rue89Lyon Infos, enqu\u00eates \u00e0 Lyon et dans la r\u00e9gion\"  \/><\/a><\/p>\n<p>\n\t\t\t\tAbonnez-vous maintenant pour suivre l\u2019actualit\u00e9 locale.\t\t\t<\/p>\n<p class=\"font-bold font-serif-heading mb-2 text-4xl\">\n\t\t\t\t\t\tL\u2019investigation locale \u00e0 port\u00e9e de main.\n\t\t\t\t\t<\/p>\n<p>\n\t\t\t\t\t\tAbonnez-vous et profitez d\u2019un acc\u00e8s illimit\u00e9 \u00e0 Rue89 Lyon. Annulez quand vous voulez.\n\t\t\t\t\t<\/p>\n<p class=\"xl:text-sm\">\n\t\t\t\t\tD\u00e9j\u00e0 abonn\u00e9\u00a0?<br \/>\n\t\t\t\t\t<a class=\"border border-transparent text-center transition-colors duration-instant focus:border-info focus:rounded focus:shadow-focus cursor-pointer text-black hover:text-gray-700 active:bg-black-700 font-semibold inline-block\" href=\"https:\/\/www.rue89lyon.fr\/user\/login\/?redirect=\/2025\/08\/23\/dans-annees-80-fin-usines-lyon\/\" target=\"_blank\" rel=\"noopener\">Connectez-vous<\/a>\t\t\t\t<\/p>\n<p>\n\t\t\t\tChoisissez votre formule\u00a0:\n\t\t\t<\/p>\n<p>\t\t\t\tFermer<\/p>\n","protected":false},"excerpt":{"rendered":"[Au fil de la soie #4] Dans les ann\u00e9es 80, l\u2019\u00e9volution des modes et les chocs p\u00e9troliers sonnent&hellip;\n","protected":false},"author":2,"featured_media":339749,"comment_status":"","ping_status":"","sticky":false,"template":"","format":"standard","meta":{"footnotes":""},"categories":[1889],"tags":[1111,11,2430,1777,674,1011,27,937,693,37077,2428,12,25],"class_list":{"0":"post-339748","1":"post","2":"type-post","3":"status-publish","4":"format-standard","5":"has-post-thumbnail","7":"category-lyon","8":"tag-actu","9":"tag-actualites","10":"tag-auvergne-rhone-alpes","11":"tag-eu","12":"tag-europe","13":"tag-fr","14":"tag-france","15":"tag-histoire","16":"tag-industrie","17":"tag-lanti-routard-de-lyon","18":"tag-lyon","19":"tag-news","20":"tag-republique-francaise"},"share_on_mastodon":{"url":"https:\/\/pubeurope.com\/@fr\/115081418685134128","error":""},"_links":{"self":[{"href":"https:\/\/www.europesays.com\/fr\/wp-json\/wp\/v2\/posts\/339748","targetHints":{"allow":["GET"]}}],"collection":[{"href":"https:\/\/www.europesays.com\/fr\/wp-json\/wp\/v2\/posts"}],"about":[{"href":"https:\/\/www.europesays.com\/fr\/wp-json\/wp\/v2\/types\/post"}],"author":[{"embeddable":true,"href":"https:\/\/www.europesays.com\/fr\/wp-json\/wp\/v2\/users\/2"}],"replies":[{"embeddable":true,"href":"https:\/\/www.europesays.com\/fr\/wp-json\/wp\/v2\/comments?post=339748"}],"version-history":[{"count":0,"href":"https:\/\/www.europesays.com\/fr\/wp-json\/wp\/v2\/posts\/339748\/revisions"}],"wp:featuredmedia":[{"embeddable":true,"href":"https:\/\/www.europesays.com\/fr\/wp-json\/wp\/v2\/media\/339749"}],"wp:attachment":[{"href":"https:\/\/www.europesays.com\/fr\/wp-json\/wp\/v2\/media?parent=339748"}],"wp:term":[{"taxonomy":"category","embeddable":true,"href":"https:\/\/www.europesays.com\/fr\/wp-json\/wp\/v2\/categories?post=339748"},{"taxonomy":"post_tag","embeddable":true,"href":"https:\/\/www.europesays.com\/fr\/wp-json\/wp\/v2\/tags?post=339748"}],"curies":[{"name":"wp","href":"https:\/\/api.w.org\/{rel}","templated":true}]}}