{"id":339750,"date":"2025-08-24T02:37:25","date_gmt":"2025-08-24T02:37:25","guid":{"rendered":"https:\/\/www.europesays.com\/fr\/339750\/"},"modified":"2025-08-24T02:37:25","modified_gmt":"2025-08-24T02:37:25","slug":"lyon-surclasse-metz-grace-a-mikautadze-fofana-et-ses-recrues","status":"publish","type":"post","link":"https:\/\/www.europesays.com\/fr\/339750\/","title":{"rendered":"Lyon surclasse Metz gr\u00e2ce \u00e0 Mikautadze, Fofana et ses recrues !"},"content":{"rendered":"<p>L\u2019OL voulait confirmer. Apr\u00e8s une belle premi\u00e8re victoire contre le RC Lens, le club rhodanien retrouvait, ce samedi soir, le Groupama Stadium pour d\u00e9fier le FC <a href=\"https:\/\/www.footmercato.net\/club\/fc-metz\/\" rel=\"nofollow noopener\" target=\"_blank\">Metz<\/a>. Promu dans l\u2019\u00e9lite, le FC Metz sortait de son c\u00f4t\u00e9 d\u2019une d\u00e9faite face \u00e0 Strasbourg (0-1). Priv\u00e9e de Jessy Deminguet (talon) et Cheikh Sabaly (genou), la formation des Grenats s\u2019organisait en 4-4-2 avec le retour de suspension du capitaine Gauthier Hein. De son c\u00f4t\u00e9, l\u2019OL alignait un 4-2-3-1 avec la pr\u00e9sence de Mikautadze sur le front de l\u2019attaque. Kumbedi sortait lui du onze de d\u00e9part au profit de la recrue tch\u00e8que Sulc. <\/p>\n<p>            La suite apr\u00e8s cette publicit\u00e9<\/p>\n<p>D\u00e9termin\u00e9s, les hommes de Paulo Fonseca ne tardaient pas \u00e0 s\u2019illustrer. Sur un centre en retrait de Fofana, Mikautadze coupait la trajectoire mais tombait sur un Fischer imp\u00e9rial (6e). Sur le corner suivant, l\u2019attaquant g\u00e9orgien \u00e9tait encore \u00e0 la retomb\u00e9e mais sa tentative fuyait le cadre (7e). Malgr\u00e9 cette entame tranchante, l\u2019OL peinait ensuite \u00e0 encha\u00eener et les Messins s\u2019enhardissaient. Si les d\u00e9bats s\u2019\u00e9quilibraient progressivement, <a href=\"https:\/\/www.footmercato.net\/club\/ol\/\" rel=\"nofollow noopener\" target=\"_blank\">Lyon<\/a> allait finalement frapper par deux fois. D\u2019abord par l\u2019interm\u00e9diaire de son crack, Malick Fofana. Servi par Sulc dans la surface messine, le talent belge encha\u00eenait avec un contr\u00f4le orient\u00e9, feintait le tir et concluait du droit au sol (1-0, 25e).<\/p>\n<p>        Des recrues lyonnaises d\u00e9j\u00e0 d\u00e9cisives<\/p>\n<p>Un petit bijou qui donnait des id\u00e9es aux troupes rhodaniennes puisque cinq petites minutes plus tard, Morton, \u00e0 plus de trente m\u00e8tres de la cage de Metz, offrait une sublime passe \u00e0 Maitland-Niles qui trouvait Tolisso, seul dans l\u2019axe, pour le but du break (2-0, 30e). S\u00e9duisant collectivement, l\u2019OL poursuivait son entreprise et virait logiquement en t\u00eate \u00e0 la pause. Au retour des vestiaires, la physionomie de cette rencontre ne changeait gu\u00e8re. Toujours aussi solide, l\u2019OL contenait les attaques messines. Bien que d\u00e9cid\u00e9s \u00e0 se relancer dans ce match, les Grenats ne parvenaient pas \u00e0 trouver la faille dans la d\u00e9fense lyonnaise, plus que jamais solidaire. <\/p>\n<p>            La suite apr\u00e8s cette publicit\u00e9<\/p>\n<p>Si Eric Wattellier, l\u2019officiel du soir, devait interrompre quelques minutes les d\u00e9bats pour des chants insultants \u00e0 l\u2019encontre de Textor, Lyon ne se d\u00e9mobilisait pas dans la derni\u00e8re demi-heure. Appliqu\u00e9 d\u00e9fensivement et encore mena\u00e7ant offensivement, \u00e0 l\u2019image de ces nouvelles frappes de Sulc (69e) et Morton (72e), l\u2019OL affichait un visage s\u00e9duisant. Pour le dernier quart d\u2019heure, Sulc, Tolisso et Abner c\u00e9daient leur place \u00e0 Karabec, Merah et Tagliafico. Apr\u00e8s une nouvelle t\u00eate de Mikautadze (79e), l\u2019OL se mettait finalement d\u00e9finitivement \u00e0 l\u2019abri gr\u00e2ce \u00e0 Karabec, opportuniste apr\u00e8s une t\u00eate de Tessmann sur la barre transversale (3-0, 83e). L\u2019OL empochait ainsi trois nouveaux pr\u00e9cieux points. Avec cette nouvelle victoire (3-0), <a href=\"https:\/\/www.footmercato.net\/classement\/\" rel=\"nofollow noopener\" target=\"_blank\">l\u2019OL prend provisoirement la t\u00eate du championnat<\/a>. De son c\u00f4t\u00e9, Metz est lanterne rouge. <\/p>\n<p>\n    Pub. le 23\/08\/2025 23:05<br \/>\n            &#8211; MAJ le 24\/08\/2025 04:01\n    <\/p>\n","protected":false},"excerpt":{"rendered":"L\u2019OL voulait confirmer. Apr\u00e8s une belle premi\u00e8re victoire contre le RC Lens, le club rhodanien retrouvait, ce samedi&hellip;\n","protected":false},"author":2,"featured_media":339751,"comment_status":"","ping_status":"","sticky":false,"template":"","format":"standard","meta":{"footnotes":""},"categories":[1889],"tags":[1111,11,2430,1777,674,1011,27,2428,12,25],"class_list":{"0":"post-339750","1":"post","2":"type-post","3":"status-publish","4":"format-standard","5":"has-post-thumbnail","7":"category-lyon","8":"tag-actu","9":"tag-actualites","10":"tag-auvergne-rhone-alpes","11":"tag-eu","12":"tag-europe","13":"tag-fr","14":"tag-france","15":"tag-lyon","16":"tag-news","17":"tag-republique-francaise"},"share_on_mastodon":{"url":"https:\/\/pubeurope.com\/@fr\/115081421948425274","error":""},"_links":{"self":[{"href":"https:\/\/www.europesays.com\/fr\/wp-json\/wp\/v2\/posts\/339750","targetHints":{"allow":["GET"]}}],"collection":[{"href":"https:\/\/www.europesays.com\/fr\/wp-json\/wp\/v2\/posts"}],"about":[{"href":"https:\/\/www.europesays.com\/fr\/wp-json\/wp\/v2\/types\/post"}],"author":[{"embeddable":true,"href":"https:\/\/www.europesays.com\/fr\/wp-json\/wp\/v2\/users\/2"}],"replies":[{"embeddable":true,"href":"https:\/\/www.europesays.com\/fr\/wp-json\/wp\/v2\/comments?post=339750"}],"version-history":[{"count":0,"href":"https:\/\/www.europesays.com\/fr\/wp-json\/wp\/v2\/posts\/339750\/revisions"}],"wp:featuredmedia":[{"embeddable":true,"href":"https:\/\/www.europesays.com\/fr\/wp-json\/wp\/v2\/media\/339751"}],"wp:attachment":[{"href":"https:\/\/www.europesays.com\/fr\/wp-json\/wp\/v2\/media?parent=339750"}],"wp:term":[{"taxonomy":"category","embeddable":true,"href":"https:\/\/www.europesays.com\/fr\/wp-json\/wp\/v2\/categories?post=339750"},{"taxonomy":"post_tag","embeddable":true,"href":"https:\/\/www.europesays.com\/fr\/wp-json\/wp\/v2\/tags?post=339750"}],"curies":[{"name":"wp","href":"https:\/\/api.w.org\/{rel}","templated":true}]}}