{"id":339768,"date":"2025-08-24T02:49:10","date_gmt":"2025-08-24T02:49:10","guid":{"rendered":"https:\/\/www.europesays.com\/fr\/339768\/"},"modified":"2025-08-24T02:49:10","modified_gmt":"2025-08-24T02:49:10","slug":"des-prestations-sociales-inegales-couteuses-et-fragilisees-par-linflation","status":"publish","type":"post","link":"https:\/\/www.europesays.com\/fr\/339768\/","title":{"rendered":"des prestations sociales in\u00e9gales, co\u00fbteuses et fragilis\u00e9es par l\u2019inflation"},"content":{"rendered":"<p style=\"text-align: justify;\">En Europe, l\u2019image d\u2019un \u00c9tat-providence g\u00e9n\u00e9reux et universellement protecteur demeure tr\u00e8s ancr\u00e9e. Pourtant, derri\u00e8re cette fa\u00e7ade, la r\u00e9alit\u00e9 est beaucoup plus contrast\u00e9e :\u00a0<strong>les prestations sociales varient fortement d\u2019un pays \u00e0 l\u2019autre<\/strong>, p\u00e8sent lourd sur les contribuables, et dans certains cas, leur valeur r\u00e9elle s\u2019est m\u00eame \u00e9rod\u00e9e au fil du temps.<\/p>\n<p>Des \u00e9carts vertigineux entre pays<\/p>\n<p style=\"text-align: justify;\"><a href=\"https:\/\/www.euronews.com\/business\/2025\/08\/11\/family-benefits-in-europe-which-countries-offer-the-best-social-security\" target=\"_blank\" rel=\"noopener\">Selon les donn\u00e9es d\u2019<strong>Eurostat<\/strong>, reprises par\u00a0Euronews Business<\/a>, les d\u00e9penses de prestations familiales par habitant en 2022 allaient de\u00a0<strong>211 \u20ac en Bulgarie<\/strong>\u00a0\u00e0\u00a0<strong>3 789 \u20ac au Luxembourg<\/strong>. En \u00e9largissant la comparaison aux pays candidats \u00e0 l\u2019UE et membres de l\u2019AELE, l\u2019\u00e9cart est encore plus saisissant : seulement\u00a0<strong>48 \u20ac en Albanie<\/strong>,\u00a0<strong>57 \u20ac en Turquie<\/strong>, contre plusieurs milliers en Europe occidentale.<\/p>\n<p style=\"text-align: justify;\">Ces diff\u00e9rences ne traduisent pas seulement un niveau de richesse in\u00e9gal : elles r\u00e9v\u00e8lent aussi des choix politiques divergents quant au r\u00f4le de l\u2019\u00c9tat dans la redistribution.<\/p>\n<p style=\"text-align: justify;\">Entre 2012 et 2022, les prestations familiales ont globalement progress\u00e9 dans l\u2019Union europ\u00e9enne, passant en moyenne de\u00a0<strong>566 \u20ac \u00e0 830 \u20ac par personne<\/strong>\u00a0(+47 %). Certains pays se sont distingu\u00e9s par des hausses spectaculaires :\u00a0<strong>+320 % en Pologne<\/strong>,\u00a0<strong>+245 % en Lettonie<\/strong>,\u00a0<strong>+227 % en Roumanie<\/strong>. \u00c0 l\u2019inverse, la\u00a0<strong>Norv\u00e8ge (-5 %)<\/strong>\u00a0et\u00a0<strong>Chypre (-18 %)<\/strong>\u00a0ont vu leurs montants reculer.<\/p>\n<p style=\"text-align: justify;\">Mais ces chiffres bruts masquent un \u00e9l\u00e9ment crucial :\u00a0<strong>l\u2019inflation<\/strong>. En tenant compte de la hausse des prix, plusieurs pays, dont la France, le Danemark et la Su\u00e8de, ont en r\u00e9alit\u00e9\u00a0<strong>diminu\u00e9 la valeur r\u00e9elle de leurs aides sociales<\/strong>. Autrement dit, les b\u00e9n\u00e9ficiaires y ont perdu en pouvoir d\u2019achat malgr\u00e9 une apparente hausse des montants.<\/p>\n<p>Redistribution ou pi\u00e8ge de d\u00e9pendance ?<\/p>\n<p style=\"text-align: justify;\">Les prestations sociales sont cens\u00e9es r\u00e9duire la pauvret\u00e9 et soutenir les familles les plus fragiles. Dans les faits, elles constituent surtout un\u00a0<strong>instrument de redistribution<\/strong>\u00a0qui p\u00e8se sur les contribuables, en particulier via des syst\u00e8mes fiscaux fortement progressifs.<\/p>\n<p style=\"text-align: justify;\">L\u2019exemple de la Hongrie illustre une autre voie : depuis quinze ans, Budapest oriente son syst\u00e8me social non pas vers une \u00e9galisation des revenus, mais vers une\u00a0<strong>politique nataliste<\/strong>, privil\u00e9giant les familles et la transmission, plut\u00f4t que l\u2019assistanat.<\/p>\n<p style=\"text-align: justify;\">Les \u00e9carts relev\u00e9s par Eurostat invitent \u00e0 un d\u00e9bat plus large :\u00a0<strong>quel est le r\u00f4le v\u00e9ritable des \u00c9tats-providence europ\u00e9ens ?<\/strong>\u00a0S\u2019agit-il de garantir un minimum vital ou d\u2019entretenir une d\u00e9pendance croissante vis-\u00e0-vis de l\u2019administration publique ?<\/p>\n<p style=\"text-align: justify;\">Alors que les finances publiques europ\u00e9ennes sont sous tension et que l\u2019inflation a rogn\u00e9 la valeur r\u00e9elle des aides, la question devient br\u00fblante : faut-il continuer \u00e0 gonfler des dispositifs co\u00fbteux et in\u00e9galitaires, ou r\u00e9orienter les politiques sociales vers l\u2019autonomie et la responsabilit\u00e9 des familles et des citoyens ?<\/p>\n<p style=\"text-align: justify;\">Cr\u00e9dit photo : DR<br \/>[cc] Breizh-info.com, 2025, d\u00e9p\u00eaches libres de copie et de diffusion sous r\u00e9serve de mention et de lien vers la source d\u2019origine<\/p>\n","protected":false},"excerpt":{"rendered":"En Europe, l\u2019image d\u2019un \u00c9tat-providence g\u00e9n\u00e9reux et universellement protecteur demeure tr\u00e8s ancr\u00e9e. Pourtant, derri\u00e8re cette fa\u00e7ade, la r\u00e9alit\u00e9&hellip;\n","protected":false},"author":2,"featured_media":339769,"comment_status":"","ping_status":"","sticky":false,"template":"","format":"standard","meta":{"footnotes":""},"categories":[1586],"tags":[11,26233,47571,1777,674,1011,27,12,25],"class_list":{"0":"post-339768","1":"post","2":"type-post","3":"status-publish","4":"format-standard","5":"has-post-thumbnail","7":"category-europe","8":"tag-actualites","9":"tag-aide-sociale","10":"tag-argent-public","11":"tag-eu","12":"tag-europe","13":"tag-fr","14":"tag-france","15":"tag-news","16":"tag-republique-francaise"},"share_on_mastodon":{"url":"https:\/\/pubeurope.com\/@fr\/115081469258065816","error":""},"_links":{"self":[{"href":"https:\/\/www.europesays.com\/fr\/wp-json\/wp\/v2\/posts\/339768","targetHints":{"allow":["GET"]}}],"collection":[{"href":"https:\/\/www.europesays.com\/fr\/wp-json\/wp\/v2\/posts"}],"about":[{"href":"https:\/\/www.europesays.com\/fr\/wp-json\/wp\/v2\/types\/post"}],"author":[{"embeddable":true,"href":"https:\/\/www.europesays.com\/fr\/wp-json\/wp\/v2\/users\/2"}],"replies":[{"embeddable":true,"href":"https:\/\/www.europesays.com\/fr\/wp-json\/wp\/v2\/comments?post=339768"}],"version-history":[{"count":0,"href":"https:\/\/www.europesays.com\/fr\/wp-json\/wp\/v2\/posts\/339768\/revisions"}],"wp:featuredmedia":[{"embeddable":true,"href":"https:\/\/www.europesays.com\/fr\/wp-json\/wp\/v2\/media\/339769"}],"wp:attachment":[{"href":"https:\/\/www.europesays.com\/fr\/wp-json\/wp\/v2\/media?parent=339768"}],"wp:term":[{"taxonomy":"category","embeddable":true,"href":"https:\/\/www.europesays.com\/fr\/wp-json\/wp\/v2\/categories?post=339768"},{"taxonomy":"post_tag","embeddable":true,"href":"https:\/\/www.europesays.com\/fr\/wp-json\/wp\/v2\/tags?post=339768"}],"curies":[{"name":"wp","href":"https:\/\/api.w.org\/{rel}","templated":true}]}}